{"id":7619,"date":"2024-10-23T14:08:16","date_gmt":"2024-10-23T12:08:16","guid":{"rendered":"https:\/\/neyssa-shop.com\/blog\/?p=7619"},"modified":"2025-12-19T11:11:50","modified_gmt":"2025-12-19T10:11:50","slug":"ramadan-2025-1446-cest-quand","status":"publish","type":"post","link":"https:\/\/neyssa-shop.com\/blog\/ramadan-2025-1446-cest-quand\/","title":{"rendered":"Ramadan 2025 : C&rsquo;est quand?"},"content":{"rendered":"\n<p>Il ne reste plus que quelques mois avant le ramadan ! Il est chaque ann\u00e9e marqu\u00e9 par un calendrier lunaire qui change l\u00e9g\u00e8rement de l\u2019ann\u00e9e pr\u00e9c\u00e9dente. Mais alors, quand commencera le Ramadan en 2025 ? Dans cet article, nous vous donnons les premi\u00e8res estimations pour vous pr\u00e9parer \u00e0 accueillir ce mois sacr\u00e9.<\/p>\n\n\n\n<div id=\"ez-toc-container\" class=\"ez-toc-v2_0_72 counter-hierarchy ez-toc-counter ez-toc-grey ez-toc-container-direction\">\n<label for=\"ez-toc-cssicon-toggle-item-69f4de09a5e4e\" class=\"ez-toc-cssicon-toggle-label\"><span class=\"\"><span class=\"eztoc-hide\" style=\"display:none;\">Toggle<\/span><span class=\"ez-toc-icon-toggle-span\"><svg style=\"fill: #999;color:#999\" xmlns=\"http:\/\/www.w3.org\/2000\/svg\" class=\"list-377408\" width=\"20px\" height=\"20px\" viewBox=\"0 0 24 24\" fill=\"none\"><path d=\"M6 6H4v2h2V6zm14 0H8v2h12V6zM4 11h2v2H4v-2zm16 0H8v2h12v-2zM4 16h2v2H4v-2zm16 0H8v2h12v-2z\" fill=\"currentColor\"><\/path><\/svg><svg style=\"fill: #999;color:#999\" class=\"arrow-unsorted-368013\" xmlns=\"http:\/\/www.w3.org\/2000\/svg\" width=\"10px\" height=\"10px\" viewBox=\"0 0 24 24\" version=\"1.2\" baseProfile=\"tiny\"><path d=\"M18.2 9.3l-6.2-6.3-6.2 6.3c-.2.2-.3.4-.3.7s.1.5.3.7c.2.2.4.3.7.3h11c.3 0 .5-.1.7-.3.2-.2.3-.5.3-.7s-.1-.5-.3-.7zM5.8 14.7l6.2 6.3 6.2-6.3c.2-.2.3-.5.3-.7s-.1-.5-.3-.7c-.2-.2-.4-.3-.7-.3h-11c-.3 0-.5.1-.7.3-.2.2-.3.5-.3.7s.1.5.3.7z\"\/><\/svg><\/span><\/span><\/label><input type=\"checkbox\"  id=\"ez-toc-cssicon-toggle-item-69f4de09a5e4e\"  aria-label=\"Toggle\" \/><nav><ul class='ez-toc-list ez-toc-list-level-1 ' ><li class='ez-toc-page-1 ez-toc-heading-level-2'><a class=\"ez-toc-link ez-toc-heading-1\" href=\"https:\/\/neyssa-shop.com\/blog\/ramadan-2025-1446-cest-quand\/#Quelle_est_la_date_de_debut_du_Ramadan_2025\" title=\"Quelle est la date de d\u00e9but du Ramadan 2025 ?\">Quelle est la date de d\u00e9but du Ramadan 2025 ?<\/a><ul class='ez-toc-list-level-3' ><li class='ez-toc-heading-level-3'><a class=\"ez-toc-link ez-toc-heading-2\" href=\"https:\/\/neyssa-shop.com\/blog\/ramadan-2025-1446-cest-quand\/#La_vision_du_croissant_lunaire\" title=\"La vision du croissant lunaire\">La vision du croissant lunaire<\/a><\/li><\/ul><\/li><li class='ez-toc-page-1 ez-toc-heading-level-2'><a class=\"ez-toc-link ez-toc-heading-3\" href=\"https:\/\/neyssa-shop.com\/blog\/ramadan-2025-1446-cest-quand\/#Quel_est_le_but_du_Ramadan\" title=\"Quel est le but du Ramadan ?\">Quel est le but du Ramadan ?<\/a><\/li><li class='ez-toc-page-1 ez-toc-heading-level-2'><a class=\"ez-toc-link ez-toc-heading-4\" href=\"https:\/\/neyssa-shop.com\/blog\/ramadan-2025-1446-cest-quand\/#Signification_et_origine_du_Ramadan\" title=\"Signification et origine du Ramadan\">Signification et origine du Ramadan<\/a><\/li><li class='ez-toc-page-1 ez-toc-heading-level-2'><a class=\"ez-toc-link ez-toc-heading-5\" href=\"https:\/\/neyssa-shop.com\/blog\/ramadan-2025-1446-cest-quand\/#Quand_se_termine_le_Ramadan\" title=\"Quand se termine le Ramadan ?\">Quand se termine le Ramadan ?<\/a><\/li><li class='ez-toc-page-1 ez-toc-heading-level-2'><a class=\"ez-toc-link ez-toc-heading-6\" href=\"https:\/\/neyssa-shop.com\/blog\/ramadan-2025-1446-cest-quand\/#Pourquoi_le_Ramadan_dure-t-il_29_ou_30_jours\" title=\"Pourquoi le Ramadan dure-t-il 29 ou 30 jours ?\">Pourquoi le Ramadan dure-t-il 29 ou 30 jours ?<\/a><\/li><li class='ez-toc-page-1 ez-toc-heading-level-2'><a class=\"ez-toc-link ez-toc-heading-7\" href=\"https:\/\/neyssa-shop.com\/blog\/ramadan-2025-1446-cest-quand\/#Les_dix_dernieres_nuits_un_moment_privilegie\" title=\"Les dix derni\u00e8res nuits : un moment privil\u00e9gi\u00e9\">Les dix derni\u00e8res nuits : un moment privil\u00e9gi\u00e9<\/a><\/li><li class='ez-toc-page-1 ez-toc-heading-level-2'><a class=\"ez-toc-link ez-toc-heading-8\" href=\"https:\/\/neyssa-shop.com\/blog\/ramadan-2025-1446-cest-quand\/#La_Nuit_du_Destin_Laylat_al-Qadr\" title=\"La Nuit du Destin (Laylat al-Qadr)\">La Nuit du Destin (Laylat al-Qadr)<\/a><\/li><li class='ez-toc-page-1 ez-toc-heading-level-2'><a class=\"ez-toc-link ez-toc-heading-9\" href=\"https:\/\/neyssa-shop.com\/blog\/ramadan-2025-1446-cest-quand\/#La_Nuit_du_Doute\" title=\"La Nuit du Doute\">La Nuit du Doute<\/a><ul class='ez-toc-list-level-3' ><li class='ez-toc-heading-level-3'><a class=\"ez-toc-link ez-toc-heading-10\" href=\"https:\/\/neyssa-shop.com\/blog\/ramadan-2025-1446-cest-quand\/#A_quel_age_commence-t-on_le_Ramadan\" title=\"\u00c0 quel \u00e2ge commence-t-on le Ramadan ?\">\u00c0 quel \u00e2ge commence-t-on le Ramadan ?<\/a><\/li><\/ul><\/li><li class='ez-toc-page-1 ez-toc-heading-level-2'><a class=\"ez-toc-link ez-toc-heading-11\" href=\"https:\/\/neyssa-shop.com\/blog\/ramadan-2025-1446-cest-quand\/#Quand_celebrons-nous_lAid_el-Fitr\" title=\"Quand c\u00e9l\u00e9brons-nous l\u2019A\u00efd el-Fitr ?\">Quand c\u00e9l\u00e9brons-nous l\u2019A\u00efd el-Fitr ?<\/a><ul class='ez-toc-list-level-3' ><li class='ez-toc-heading-level-3'><a class=\"ez-toc-link ez-toc-heading-12\" href=\"https:\/\/neyssa-shop.com\/blog\/ramadan-2025-1446-cest-quand\/#Horaires_du_Ramadan_2025_en_France\" title=\"Horaires du Ramadan 2025 en France\">Horaires du Ramadan 2025 en France<\/a><\/li><li class='ez-toc-page-1 ez-toc-heading-level-3'><a class=\"ez-toc-link ez-toc-heading-13\" href=\"https:\/\/neyssa-shop.com\/blog\/ramadan-2025-1446-cest-quand\/#Impact_du_passage_a_lheure_dete_en_2025\" title=\"Impact du passage \u00e0 l\u2019heure d\u2019\u00e9t\u00e9 en 2025\">Impact du passage \u00e0 l\u2019heure d\u2019\u00e9t\u00e9 en 2025<\/a><\/li><\/ul><\/li><li class='ez-toc-page-1 ez-toc-heading-level-2'><a class=\"ez-toc-link ez-toc-heading-14\" href=\"https:\/\/neyssa-shop.com\/blog\/ramadan-2025-1446-cest-quand\/#Comment_se_preparer_pour_le_jeun_du_mois_de_Ramadan_2025\" title=\"Comment se pr\u00e9parer pour le jeun du mois de Ramadan 2025?\">Comment se pr\u00e9parer pour le jeun du mois de Ramadan 2025?<\/a><ul class='ez-toc-list-level-3' ><li class='ez-toc-heading-level-3'><a class=\"ez-toc-link ez-toc-heading-15\" href=\"https:\/\/neyssa-shop.com\/blog\/ramadan-2025-1446-cest-quand\/#1_Etablir_un_Plan_Spirituel\" title=\"1. \u00c9tablir un Plan Spirituel\">1. \u00c9tablir un Plan Spirituel<\/a><\/li><li class='ez-toc-page-1 ez-toc-heading-level-3'><a class=\"ez-toc-link ez-toc-heading-16\" href=\"https:\/\/neyssa-shop.com\/blog\/ramadan-2025-1446-cest-quand\/#2_Ajuster_Son_Alimentation\" title=\"2. Ajuster Son Alimentation\">2. Ajuster Son Alimentation<\/a><\/li><li class='ez-toc-page-1 ez-toc-heading-level-3'><a class=\"ez-toc-link ez-toc-heading-17\" href=\"https:\/\/neyssa-shop.com\/blog\/ramadan-2025-1446-cest-quand\/#3_Hydratation\" title=\"3. Hydratation\">3. Hydratation<\/a><\/li><li class='ez-toc-page-1 ez-toc-heading-level-3'><a class=\"ez-toc-link ez-toc-heading-18\" href=\"https:\/\/neyssa-shop.com\/blog\/ramadan-2025-1446-cest-quand\/#4_Etablir_une_Routine_de_Sommeil\" title=\"4. \u00c9tablir une Routine de Sommeil\">4. \u00c9tablir une Routine de Sommeil<\/a><\/li><li class='ez-toc-page-1 ez-toc-heading-level-3'><a class=\"ez-toc-link ez-toc-heading-19\" href=\"https:\/\/neyssa-shop.com\/blog\/ramadan-2025-1446-cest-quand\/#5_Preparer_des_Activites_Communautaires\" title=\"5. Pr\u00e9parer des Activit\u00e9s Communautaires\">5. Pr\u00e9parer des Activit\u00e9s Communautaires<\/a><\/li><li class='ez-toc-page-1 ez-toc-heading-level-3'><a class=\"ez-toc-link ez-toc-heading-20\" href=\"https:\/\/neyssa-shop.com\/blog\/ramadan-2025-1446-cest-quand\/#6_Anticiper_des_Situations_de_Jeune\" title=\"6. Anticiper des Situations de Je\u00fbne\">6. Anticiper des Situations de Je\u00fbne<\/a><\/li><li class='ez-toc-page-1 ez-toc-heading-level-3'><a class=\"ez-toc-link ez-toc-heading-21\" href=\"https:\/\/neyssa-shop.com\/blog\/ramadan-2025-1446-cest-quand\/#7_Organiser_son_Temps\" title=\"7. Organiser son Temps\">7. Organiser son Temps<\/a><\/li><li class='ez-toc-page-1 ez-toc-heading-level-3'><a class=\"ez-toc-link ez-toc-heading-22\" href=\"https:\/\/neyssa-shop.com\/blog\/ramadan-2025-1446-cest-quand\/#8_Preparer_son_Esprit\" title=\"8. Pr\u00e9parer son Esprit\">8. Pr\u00e9parer son Esprit<\/a><\/li><\/ul><\/li><\/ul><\/nav><\/div>\n<h2 class=\"has-text-color wp-block-heading\" style=\"color:#af8787\"><span class=\"ez-toc-section\" id=\"Quelle_est_la_date_de_debut_du_Ramadan_2025\"><\/span><strong>Quelle est la date de d\u00e9but du Ramadan 2025 ?<\/strong><span class=\"ez-toc-section-end\"><\/span><\/h2>\n\n\n\n<p>Le <a href=\"https:\/\/neyssa-shop.com\/fr\/133-ramadan\">Ramadan<\/a> 2025 est pr\u00e9vu aux alentours du <strong>vendredi 28 f\u00e9vrier 2025<\/strong>. Cette date sera confirm\u00e9e lors de la nuit du 29 Chaabane.<\/p>\n\n\n\n<p>Ce mois sacr\u00e9 devrait se poursuivre jusqu&rsquo;au 30 mars. C&rsquo;est la <strong>Grande Mosqu\u00e9e de Paris<\/strong> qui annonce officiellement la date qui est confirm\u00e9e apr\u00e8s l&rsquo;observation de la lune.<\/p>\n\n\n\n<div class=\"wp-block-image\"><figure class=\"aligncenter size-full\"><a href=\"https:\/\/neyssa-shop.com\/fr\/133-ramadan\"><img fetchpriority=\"high\" decoding=\"async\" width=\"1024\" height=\"454\" src=\"https:\/\/neyssa-shop.com\/blog\/wp-content\/uploads\/2024\/11\/Bannieres-articles-BLOG-10.jpg\" alt=\"ramadan 2025\" class=\"wp-image-7637\" srcset=\"https:\/\/neyssa-shop.com\/blog\/wp-content\/uploads\/2024\/11\/Bannieres-articles-BLOG-10.jpg 1024w, https:\/\/neyssa-shop.com\/blog\/wp-content\/uploads\/2024\/11\/Bannieres-articles-BLOG-10-300x133.jpg 300w, https:\/\/neyssa-shop.com\/blog\/wp-content\/uploads\/2024\/11\/Bannieres-articles-BLOG-10-768x341.jpg 768w, https:\/\/neyssa-shop.com\/blog\/wp-content\/uploads\/2024\/11\/Bannieres-articles-BLOG-10-750x333.jpg 750w\" sizes=\"(max-width: 1024px) 100vw, 1024px\" \/><\/a><\/figure><\/div>\n\n\n\n<h3 class=\"has-text-color wp-block-heading\" style=\"color:#af8787\"><span class=\"ez-toc-section\" id=\"La_vision_du_croissant_lunaire\"><\/span><strong>La vision du croissant lunaire<\/strong><span class=\"ez-toc-section-end\"><\/span><\/h3>\n\n\n\n<div class=\"wp-block-image is-style-rounded\"><figure class=\"alignright size-full is-resized\"><a href=\"https:\/\/neyssa-shop.com\/fr\/133-ramadan\"><img decoding=\"async\" src=\"https:\/\/neyssa-shop.com\/blog\/wp-content\/uploads\/2024\/11\/5.jpg\" alt=\"ramadan 2025\" class=\"wp-image-7639\" width=\"147\" height=\"147\" srcset=\"https:\/\/neyssa-shop.com\/blog\/wp-content\/uploads\/2024\/11\/5.jpg 600w, https:\/\/neyssa-shop.com\/blog\/wp-content\/uploads\/2024\/11\/5-300x300.jpg 300w, https:\/\/neyssa-shop.com\/blog\/wp-content\/uploads\/2024\/11\/5-150x150.jpg 150w, https:\/\/neyssa-shop.com\/blog\/wp-content\/uploads\/2024\/11\/5-375x375.jpg 375w, https:\/\/neyssa-shop.com\/blog\/wp-content\/uploads\/2024\/11\/5-400x400.jpg 400w, https:\/\/neyssa-shop.com\/blog\/wp-content\/uploads\/2024\/11\/5-320x320.jpg 320w\" sizes=\"(max-width: 147px) 100vw, 147px\" \/><\/a><\/figure><\/div>\n\n\n\n<p>Il est important de noter que ces pr\u00e9visions astronomiques sont fournies \u00e0 titre indicatif. La date de d\u00e9but du Ramadan est officiellement confirm\u00e9e par l&rsquo;observation du<strong> croissant lunaire<\/strong> le <strong>29 Chaabane<\/strong>, lors de la nuit connue sous le nom de <strong>\u00ab\u00a0nuit du doute<\/strong>\u00ab\u00a0. Ce n&rsquo;est qu&rsquo;apr\u00e8s cette observation que les dates pr\u00e9visionnelles peuvent \u00eatre valid\u00e9es.<\/p>\n\n\n\n<hr class=\"wp-block-separator\"\/>\n\n\n\n<h2 class=\"has-text-color wp-block-heading\" style=\"color:#af8787\"><span class=\"ez-toc-section\" id=\"Quel_est_le_but_du_Ramadan\"><\/span><strong>Quel est le but du Ramadan ?<\/strong><span class=\"ez-toc-section-end\"><\/span><\/h2>\n\n\n\n<div class=\"wp-block-image is-style-rounded\"><figure class=\"alignleft size-full is-resized\"><a href=\"https:\/\/neyssa-shop.com\/fr\/133-ramadan\"><img decoding=\"async\" src=\"https:\/\/neyssa-shop.com\/blog\/wp-content\/uploads\/2024\/11\/4.jpg\" alt=\"ramadan 2025\" class=\"wp-image-7640\" width=\"139\" height=\"139\" srcset=\"https:\/\/neyssa-shop.com\/blog\/wp-content\/uploads\/2024\/11\/4.jpg 600w, https:\/\/neyssa-shop.com\/blog\/wp-content\/uploads\/2024\/11\/4-300x300.jpg 300w, https:\/\/neyssa-shop.com\/blog\/wp-content\/uploads\/2024\/11\/4-150x150.jpg 150w, https:\/\/neyssa-shop.com\/blog\/wp-content\/uploads\/2024\/11\/4-375x375.jpg 375w, https:\/\/neyssa-shop.com\/blog\/wp-content\/uploads\/2024\/11\/4-400x400.jpg 400w, https:\/\/neyssa-shop.com\/blog\/wp-content\/uploads\/2024\/11\/4-320x320.jpg 320w\" sizes=\"(max-width: 139px) 100vw, 139px\" \/><\/a><\/figure><\/div>\n\n\n\n<p>Le <strong>Ramadan<\/strong>, l&rsquo;un des cinq piliers de l&rsquo;Islam, repr\u00e9sente le <strong>je\u00fbne de l\u2019aube au cr\u00e9puscule<\/strong>. Mais cela va bien plus loin. C&rsquo;est une p\u00e9riode de <strong>purification spirituelle<\/strong>, de <strong>r\u00e9flexion<\/strong> et de r<strong>enforcement de la foi<\/strong>. Pendant ce mois b\u00e9ni, les musulmans cherchent \u00e0 se rapprocher d&rsquo;Allah SWT \u00e0 travers la pri\u00e8re, la lecture du Coran et l\u2019accomplissement de bonnes actions.<\/p>\n\n\n\n<p>D&rsquo;une part, le je\u00fbne enseigne la <strong>patience<\/strong>, la <strong>discipline<\/strong> et l&rsquo;<strong>empathie<\/strong> envers les moins fortun\u00e9s. D&rsquo;autre part, il permet de se concentrer sur sa vie spirituelle. En se privant des plaisirs quotidiens pendant un temps d\u00e9termin\u00e9, les croyants renforcent leur foi ainsi que leur reconnaissance. Le Ramadan est \u00e9galement un moment de partage, o\u00f9 les familles et amis se r\u00e9unissent pour <strong>rompre le je\u00fbne et prier ensemble<\/strong>.<\/p>\n\n\n\n<p>Pour des raisons involontaires ou n\u00e9cessaires, il peut arriver que certains musulmans ne puissent pas je\u00fbner. <\/p>\n\n\n\n<p>En effet, la Fidya et la Kaffarah sont deux formes de compensations dans l&rsquo;Islam pour les personnes qui ne peuvent pas effectuer le je\u00fbne de Ramadan ou qui le rompent volontairement.<\/p>\n\n\n\n<ol class=\"wp-block-list\"><li><strong>La Fidya<\/strong> : Elle est destin\u00e9e aux personnes qui ne peuvent pas je\u00fbner pour des raisons valables et permanentes, comme une maladie chronique, la vieillesse, ou une grossesse compliqu\u00e9e. Dans ce cas, elles peuvent compenser en donnant de la nourriture ou une somme \u00e9quivalente aux personnes dans le besoin pour chaque jour non je\u00fbn\u00e9.<\/li><li><strong>La Kaffarah<\/strong> : C\u2019est une compensation pour ceux qui rompent volontairement leur je\u00fbne sans raison valable. La Kaffarah consiste en g\u00e9n\u00e9ral \u00e0 je\u00fbner 60 jours cons\u00e9cutifs. Mais si cela n&rsquo;est pas possible, il est possible de nourrir 60 personnes n\u00e9cessiteuses, selon les enseignements islamiques.<\/li><\/ol>\n\n\n\n<p>Ces pratiques visent \u00e0 encourager l\u2019entraide et la solidarit\u00e9, tout en permettant aux croyants d\u2019accomplir leurs devoirs de mani\u00e8re adapt\u00e9e \u00e0 leur situation.<\/p>\n\n\n\n<h2 class=\"has-text-color wp-block-heading\" style=\"color:#af8787\"><span class=\"ez-toc-section\" id=\"Signification_et_origine_du_Ramadan\"><\/span><strong>Signification et origine du Ramadan<\/strong><span class=\"ez-toc-section-end\"><\/span><\/h2>\n\n\n\n<p>Le Ramadan est un mois important dans l\u2019histoire de l\u2019<strong>Islam<\/strong>. Il rappelle la r\u00e9v\u00e9lation du Coran au Proph\u00e8te Muhammad (que la paix et le salut d\u2019Allah soient sur lui), un moment cl\u00e9 pour les musulmans. Cette r\u00e9v\u00e9lation a commenc\u00e9 lors de la Nuit du Destin (Laylat al-Qadr). Il s&rsquo;agit d&rsquo;une p\u00e9riode o\u00f9 les croyants se purifient spirituellement, renforcent leur foi et cultivent leur patience, leur pi\u00e9t\u00e9 et leur compassion.<\/p>\n\n\n\n<h2 class=\"has-text-color wp-block-heading\" style=\"color:#af8787\"><span class=\"ez-toc-section\" id=\"Quand_se_termine_le_Ramadan\"><\/span><strong>Quand se termine le Ramadan ?<\/strong><span class=\"ez-toc-section-end\"><\/span><\/h2>\n\n\n\n<div class=\"wp-block-image\"><figure class=\"alignright size-full is-resized\"><a href=\"https:\/\/neyssa-shop.com\/fr\/133-ramadan\"><img loading=\"lazy\" decoding=\"async\" src=\"https:\/\/neyssa-shop.com\/blog\/wp-content\/uploads\/2024\/11\/3.jpg\" alt=\"ramadan 2025\" class=\"wp-image-7641\" width=\"318\" height=\"318\" srcset=\"https:\/\/neyssa-shop.com\/blog\/wp-content\/uploads\/2024\/11\/3.jpg 600w, https:\/\/neyssa-shop.com\/blog\/wp-content\/uploads\/2024\/11\/3-300x300.jpg 300w, https:\/\/neyssa-shop.com\/blog\/wp-content\/uploads\/2024\/11\/3-150x150.jpg 150w, https:\/\/neyssa-shop.com\/blog\/wp-content\/uploads\/2024\/11\/3-375x375.jpg 375w, https:\/\/neyssa-shop.com\/blog\/wp-content\/uploads\/2024\/11\/3-400x400.jpg 400w, https:\/\/neyssa-shop.com\/blog\/wp-content\/uploads\/2024\/11\/3-320x320.jpg 320w\" sizes=\"(max-width: 318px) 100vw, 318px\" \/><\/a><\/figure><\/div>\n\n\n\n<p>Le Ramadan dure g\u00e9n\u00e9ralement 29 ou 30 jours, selon l\u2019observation lunaire, se terminant ainsi aux alentours du <strong>dimanche 30 mars 2025<\/strong>, . Les musulmans c\u00e9l\u00e8brent ainsi la <strong>f\u00eate de l\u2019A\u00efd al-Fitr<\/strong> le <strong>31 mars 2025<\/strong>. Pendant ce mois, les musulmans effectuent <strong>le je\u00fbne<\/strong> (sawm) du lever au <strong>coucher du soleil<\/strong>, s&rsquo;abstenant de manger et de boire durant ces heures. Les repas de rupture du je\u00fbne, le <strong>ftour<\/strong> et l\u2019<strong>iftar<\/strong>, sont des moments de partage avec les proches.<\/p>\n\n\n\n<p>Le mois du Ramadan repr\u00e9sente l&rsquo;<strong>esprit de g\u00e9n\u00e9rosit\u00e9<\/strong> et de <strong>solidarit\u00e9<\/strong>. Par exemple, il est vivement recommand\u00e9 d&rsquo;effectuer des actions caritatives, que ce soit en faisant un <strong>don <\/strong>ou en<strong> soutenant des initiatives locales<\/strong>. N&rsquo;oubliez pas que chaque geste compte et contribue \u00e0 cr\u00e9er un impact positif &lt;3<\/p>\n\n\n\n<h2 class=\"has-text-color wp-block-heading\" style=\"color:#af8787\"><span class=\"ez-toc-section\" id=\"Pourquoi_le_Ramadan_dure-t-il_29_ou_30_jours\"><\/span><strong>Pourquoi le Ramadan dure-t-il 29 ou 30 jours ?<\/strong><span class=\"ez-toc-section-end\"><\/span><\/h2>\n\n\n\n<p>La dur\u00e9e du Ramadan, qui peut varier entre <strong>29 et 30 jours<\/strong>, est li\u00e9e aux cycles lunaires du <strong>calendrier islamique<\/strong>. Le mois commence et se termine avec l&rsquo;apparition du nouveau croissant lunaire. C&rsquo;est avec son observation qu&rsquo;est d\u00e9termin\u00e9 le d\u00e9but et la fin du ramadan. Les mois lunaires peuvent varier en longueur, expliquant pourquoi les dates du Ramadan changent chaque ann\u00e9e par rapport au <strong>calendrier gr\u00e9gorien<\/strong>.<\/p>\n\n\n\n<h2 class=\"has-text-color wp-block-heading\" style=\"color:#af8787\"><span class=\"ez-toc-section\" id=\"Les_dix_dernieres_nuits_un_moment_privilegie\"><\/span><strong>Les dix derni\u00e8res nuits : un moment privil\u00e9gi\u00e9<\/strong><span class=\"ez-toc-section-end\"><\/span><\/h2>\n\n\n\n<p>Les dix derni\u00e8res nuits du Ramadan, en particulier les <strong>nuits impaires<\/strong>, sont consid\u00e9r\u00e9es comme les <strong>plus b\u00e9nies<\/strong>. Il faut multiplier ses <strong>pri\u00e8res et la m\u00e9ditation<\/strong>. Les musulmans intensifient leurs d\u00e9votions, afin de <strong>maximiser les b\u00e9n\u00e9dictions d\u2019Allah<\/strong>. Ces nuits sont une p\u00e9riode pour se rapprocher spirituellement et renforcer la foi.<\/p>\n\n\n\n<h2 class=\"has-text-color wp-block-heading\" style=\"color:#af8787\"><span class=\"ez-toc-section\" id=\"La_Nuit_du_Destin_Laylat_al-Qadr\"><\/span><strong>La Nuit du Destin (Laylat al-Qadr)<\/strong><span class=\"ez-toc-section-end\"><\/span><\/h2>\n\n\n\n<p>La <strong>Nuit du Destin <\/strong>est l&rsquo;une des nuits les plus importantes du Ramadan. Elle marque la r\u00e9v\u00e9lation du <strong>premier verset du Coran au Proph\u00e8te Muhammad \ufdfa<\/strong>. Les actes de d\u00e9votion accomplis durant cette nuit sont consid\u00e9r\u00e9s comme  pr\u00e9cieux. Il est conseill\u00e9 de s\u2019impliquer dans la <strong>pri\u00e8re et la m\u00e9ditation<\/strong> tout au long des dix derni\u00e8res nuits pour b\u00e9n\u00e9ficier au maximum de cette p\u00e9riode spirituelle.<\/p>\n\n\n\n<h2 class=\"has-text-color wp-block-heading\" style=\"color:#af8787\"><span class=\"ez-toc-section\" id=\"La_Nuit_du_Doute\"><\/span><strong>La Nuit du Doute<\/strong><span class=\"ez-toc-section-end\"><\/span><\/h2>\n\n\n\n<p>La Nuit du Doute, qui se produit g\u00e9n\u00e9ralement le <strong>29\u1d49 jour du Ramadan<\/strong>, est un moment cl\u00e9 o\u00f9 les musulmans observent le ciel \u00e0 la recherche du nouveau croissant lunaire. Cette observation d\u00e9termine la fin du je\u00fbne et annonce l\u2019A\u00efd el-Fitr. Pour 2025, cette nuit est pr\u00e9vue pour le <strong>29 mars.<\/strong><\/p>\n\n\n\n<h3 class=\"has-text-color wp-block-heading\" style=\"color:#af8787\"><span class=\"ez-toc-section\" id=\"A_quel_age_commence-t-on_le_Ramadan\"><\/span><strong>\u00c0 quel \u00e2ge commence-t-on le Ramadan ?<\/strong><span class=\"ez-toc-section-end\"><\/span><\/h3>\n\n\n\n<p>Les enfants musulmans commencent souvent \u00e0 je\u00fbner \u00e0 <strong>l&rsquo;\u00e2ge de la pubert\u00e9<\/strong>. Il s&rsquo;agit du moment o\u00f9 ils prennent conscience de leurs responsabilit\u00e9s religieuses. Cependant, beaucoup d&rsquo;entre eux s&rsquo;exercent \u00e0 je\u00fbner avant cet \u00e2ge pour s&rsquo;y pr\u00e9parer.<\/p>\n\n\n\n<h2 class=\"has-text-color wp-block-heading\" style=\"color:#af8787\"><span class=\"ez-toc-section\" id=\"Quand_celebrons-nous_lAid_el-Fitr\"><\/span><strong>Quand c\u00e9l\u00e9brons-nous l\u2019A\u00efd el-Fitr ?<\/strong><span class=\"ez-toc-section-end\"><\/span><\/h2>\n\n\n\n<div class=\"wp-block-image is-style-rounded\"><figure class=\"alignleft size-full is-resized\"><a href=\"https:\/\/neyssa-shop.com\/fr\/133-ramadan\"><img loading=\"lazy\" decoding=\"async\" src=\"https:\/\/neyssa-shop.com\/blog\/wp-content\/uploads\/2024\/11\/Photos-BLOG-79.jpg\" alt=\"ramadan 2025\" class=\"wp-image-7644\" width=\"144\" height=\"144\" srcset=\"https:\/\/neyssa-shop.com\/blog\/wp-content\/uploads\/2024\/11\/Photos-BLOG-79.jpg 600w, https:\/\/neyssa-shop.com\/blog\/wp-content\/uploads\/2024\/11\/Photos-BLOG-79-300x300.jpg 300w, https:\/\/neyssa-shop.com\/blog\/wp-content\/uploads\/2024\/11\/Photos-BLOG-79-150x150.jpg 150w, https:\/\/neyssa-shop.com\/blog\/wp-content\/uploads\/2024\/11\/Photos-BLOG-79-375x375.jpg 375w, https:\/\/neyssa-shop.com\/blog\/wp-content\/uploads\/2024\/11\/Photos-BLOG-79-400x400.jpg 400w, https:\/\/neyssa-shop.com\/blog\/wp-content\/uploads\/2024\/11\/Photos-BLOG-79-320x320.jpg 320w\" sizes=\"(max-width: 144px) 100vw, 144px\" \/><\/a><\/figure><\/div>\n\n\n\n<p>L\u2019A\u00efd el-Fitr, qui marque la fin du Ramadan, sera c\u00e9l\u00e9br\u00e9 le lundi 31 mars 2025 en France. C&rsquo;est un moment de r\u00e9jouissance, de <strong>gratitude envers Allah<\/strong> pour la <strong>force<\/strong> et l&rsquo;<strong>endurance<\/strong> pendant le mois de je\u00fbne. Les festivit\u00e9s incluent des pri\u00e8res, des repas partag\u00e9s et des actes de charit\u00e9, symbolisant un renouvellement spirituel et une c\u00e9l\u00e9bration de la communaut\u00e9.<\/p>\n\n\n\n<h3 class=\"has-text-color wp-block-heading\" style=\"color:#af8787\"><span class=\"ez-toc-section\" id=\"Horaires_du_Ramadan_2025_en_France\"><\/span><strong>Horaires du Ramadan 2025 en France<\/strong><span class=\"ez-toc-section-end\"><\/span><\/h3>\n\n\n\n<p>Les horaires de pri\u00e8re, notamment pour le <strong>Fajr<\/strong> et le <strong>Maghrib<\/strong>, sont \u00e0 prendre en consid\u00e9ration pour d\u00e9terminer les moments de je\u00fbne. Ces horaires varient selon les r\u00e9gions, il est donc recommand\u00e9 de consulter un calendrier local fiable.<\/p>\n\n\n\n<h3 class=\"has-text-color wp-block-heading\" style=\"color:#af8787\"><span class=\"ez-toc-section\" id=\"Impact_du_passage_a_lheure_dete_en_2025\"><\/span><strong>Impact du passage \u00e0 l\u2019heure d\u2019\u00e9t\u00e9 en 2025<\/strong><span class=\"ez-toc-section-end\"><\/span><\/h3>\n\n\n\n<p>Le Ramadan 2025 se d\u00e9roulera <strong>du 28 f\u00e9vrier au 30 mars, avec l\u2019A\u00efd el-Fitr le 31 mars<\/strong>. Le passage \u00e0 l\u2019heure d\u2019\u00e9t\u00e9 se fera dans la nuit du<strong> 29 au 30 mars<\/strong>, affectant une seule journ\u00e9e de je\u00fbne. Les je\u00fbneurs devront ajuster leurs horaires de <strong>souhour <\/strong>et d\u2019<strong>iftar<\/strong> en cons\u00e9quence, mais cela ne devrait pas perturber significativement le mois de je\u00fbne. \u00c0 partir de 2026, le Ramadan se d\u00e9roulera enti\u00e8rement sous l\u2019heure d\u2019hiver, offrant ainsi plus de pr\u00e9visibilit\u00e9 pour les pratiques religieuses.<\/p>\n\n\n\n<p><\/p>\n\n\n\n<p>En fin de compte, le je\u00fbne devient obligatoire uniquement lorsque le <strong>croissant lunaire est observ\u00e9<\/strong>, ou si la lune n\u2019est pas visible, que l\u2019on compl\u00e8te le mois pr\u00e9c\u00e9dent. Quelles que soient les dates choisies, Ramadan est un moment de d\u00e9votion et de rassemblement, invitant chacun \u00e0 renforcer sa spiritualit\u00e9 et ses liens communautaires.<\/p>\n\n\n\n<p><\/p>\n\n\n\n<p class=\"has-background\" style=\"background-color:#e1d6cb;font-size:30px\">Pour le Ramadan optez pour une <a href=\"https:\/\/neyssa-shop.com\/fr\/155-abaya\" target=\"_blank\" rel=\"noreferrer noopener\">abaya<\/a> confortable<\/p>\n\n\n\n<h2 class=\"has-text-color wp-block-heading\" style=\"color:#af8787\"><span class=\"ez-toc-section\" id=\"Comment_se_preparer_pour_le_jeun_du_mois_de_Ramadan_2025\"><\/span><strong>Comment se pr\u00e9parer pour le jeun du mois de Ramadan 2025?<\/strong><span class=\"ez-toc-section-end\"><\/span><\/h2>\n\n\n\n<p>Se pr\u00e9parer au Ramadan quelques semaines avant le d\u00e9but du je\u00fbne est une excellente id\u00e9e pour aborder ce mois sacr\u00e9 dans les meilleures conditions. Voici quelques conseils pour vous aider \u00e0 vous pr\u00e9parer :<\/p>\n\n\n\n<h3 class=\"has-text-color wp-block-heading\" style=\"color:#cfb8b8\"><span class=\"ez-toc-section\" id=\"1_Etablir_un_Plan_Spirituel\"><\/span>1. <strong>\u00c9tablir un Plan Spirituel<\/strong><span class=\"ez-toc-section-end\"><\/span><\/h3>\n\n\n\n<ul class=\"wp-block-list\"><li><strong>R\u00e9fl\u00e9chir \u00e0 ses intentions<\/strong> : Prenez le temps de d\u00e9finir vos objectifs spirituels pour le Ramadan. Que souhaitez-vous accomplir ?<\/li><li><strong>Lire et \u00e9tudier<\/strong> : Commencez \u00e0 lire le Coran ou des livres sur l&rsquo;islam pour renforcer votre connaissance et votre foi.<\/li><li>Pr\u00e9parer sa <a href=\"https:\/\/neyssa-shop.com\/fr\/261-robe-de-priere\">robe de pri\u00e8re<\/a> et <a href=\"https:\/\/neyssa-shop.com\/fr\/301-tapis-de-priere\">tapis de pri\u00e8re<\/a> si vous n&rsquo;en poss\u00e9dez pas encore.<\/li><\/ul>\n\n\n\n<h3 class=\"has-text-color wp-block-heading\" style=\"color:#cfb8b8\"><span class=\"ez-toc-section\" id=\"2_Ajuster_Son_Alimentation\"><\/span>2. <strong>Ajuster Son Alimentation<\/strong><span class=\"ez-toc-section-end\"><\/span><\/h3>\n\n\n\n<div class=\"wp-block-image is-style-rounded\"><figure class=\"alignright size-full is-resized\"><a href=\"https:\/\/neyssa-shop.com\/fr\/133-ramadan\"><img loading=\"lazy\" decoding=\"async\" src=\"https:\/\/neyssa-shop.com\/blog\/wp-content\/uploads\/2024\/11\/2.jpg\" alt=\"ramadan 2025\" class=\"wp-image-7642\" width=\"156\" height=\"156\" srcset=\"https:\/\/neyssa-shop.com\/blog\/wp-content\/uploads\/2024\/11\/2.jpg 600w, https:\/\/neyssa-shop.com\/blog\/wp-content\/uploads\/2024\/11\/2-300x300.jpg 300w, https:\/\/neyssa-shop.com\/blog\/wp-content\/uploads\/2024\/11\/2-150x150.jpg 150w, https:\/\/neyssa-shop.com\/blog\/wp-content\/uploads\/2024\/11\/2-375x375.jpg 375w, https:\/\/neyssa-shop.com\/blog\/wp-content\/uploads\/2024\/11\/2-400x400.jpg 400w, https:\/\/neyssa-shop.com\/blog\/wp-content\/uploads\/2024\/11\/2-320x320.jpg 320w\" sizes=\"(max-width: 156px) 100vw, 156px\" \/><\/a><\/figure><\/div>\n\n\n\n<ul class=\"wp-block-list\"><li><strong>R\u00e9duire progressivement les repas<\/strong> : Habituez votre corps \u00e0 des repas plus l\u00e9gers en diminuant les portions et en \u00e9vitant les aliments riches en sucre ou en gras.<\/li><li><strong>Planifier des repas sains<\/strong> : Pensez \u00e0 des menus \u00e9quilibr\u00e9s pour le suhoor (repas avant l&rsquo;aube) et l&rsquo;iftar (rupture du je\u00fbne) afin de vous assurer une bonne nutrition.<\/li><\/ul>\n\n\n\n<h3 class=\"has-text-color wp-block-heading\" style=\"color:#cfb8b8\"><span class=\"ez-toc-section\" id=\"3_Hydratation\"><\/span>3. <strong>Hydratation<\/strong><span class=\"ez-toc-section-end\"><\/span><\/h3>\n\n\n\n<ul class=\"wp-block-list\"><li><strong>Augmenter l&rsquo;hydratation<\/strong> : Commencez \u00e0 boire plus d&rsquo;eau quelques semaines avant pour pr\u00e9parer votre corps \u00e0 la d\u00e9shydratation pendant les heures de je\u00fbne.<\/li><li><strong>\u00c9viter les boissons diur\u00e9tiques<\/strong> : R\u00e9duisez la consommation de caf\u00e9, th\u00e9 et sodas pour mieux g\u00e9rer l&rsquo;hydratation.<\/li><\/ul>\n\n\n\n<h3 class=\"has-text-color wp-block-heading\" style=\"color:#cfb8b8\"><span class=\"ez-toc-section\" id=\"4_Etablir_une_Routine_de_Sommeil\"><\/span>4. <strong>\u00c9tablir une Routine de Sommeil<\/strong><span class=\"ez-toc-section-end\"><\/span><\/h3>\n\n\n\n<ul class=\"wp-block-list\"><li><strong>Adapter vos horaires de sommeil<\/strong> : Essayez de vous coucher plus t\u00f4t et de vous r\u00e9veiller plus t\u00f4t pour vous habituer \u00e0 la routine de Ramadan.<\/li><li><strong>Prendre des siestes<\/strong> : Si possible, int\u00e9grez des siestes courtes pendant la journ\u00e9e pour compenser le manque de sommeil.<\/li><\/ul>\n\n\n\n<h3 class=\"has-text-color wp-block-heading\" style=\"color:#cfb8b8\"><span class=\"ez-toc-section\" id=\"5_Preparer_des_Activites_Communautaires\"><\/span>5. <strong>Pr\u00e9parer des Activit\u00e9s Communautaires<\/strong><span class=\"ez-toc-section-end\"><\/span><\/h3>\n\n\n\n<ul class=\"wp-block-list\"><li><strong>Planifier des moments de pri\u00e8re<\/strong> : Organisez-vous pour participer aux pri\u00e8res de Taraweeh (pri\u00e8res nocturnes) en groupe.<\/li><li><strong>S&rsquo;engager dans des actions caritatives<\/strong> : Pr\u00e9voyez de donner \u00e0 des \u0153uvres de charit\u00e9 ou de vous engager dans des activit\u00e9s communautaires.<\/li><\/ul>\n\n\n\n<h3 class=\"has-text-color wp-block-heading\" style=\"color:#cfb8b8\"><span class=\"ez-toc-section\" id=\"6_Anticiper_des_Situations_de_Jeune\"><\/span>6. <strong>Anticiper des Situations de Je\u00fbne<\/strong><span class=\"ez-toc-section-end\"><\/span><\/h3>\n\n\n\n<ul class=\"wp-block-list\"><li><strong>R\u00e9fl\u00e9chir \u00e0 des strat\u00e9gies<\/strong> : Pensez \u00e0 comment g\u00e9rer les situations sociales ou professionnelles pendant le je\u00fbne, surtout si cela implique des repas.<\/li><\/ul>\n\n\n\n<h3 class=\"has-text-color wp-block-heading\" style=\"color:#cfb8b8\"><span class=\"ez-toc-section\" id=\"7_Organiser_son_Temps\"><\/span>7. <strong>Organiser son Temps<\/strong><span class=\"ez-toc-section-end\"><\/span><\/h3>\n\n\n\n<ul class=\"wp-block-list\"><li><strong>\u00c9tablir un emploi du temps<\/strong> : Planifiez vos activit\u00e9s quotidiennes pour inclure des moments de pri\u00e8re, de m\u00e9ditation et de lecture.<\/li><li><strong>Fixer des priorit\u00e9s<\/strong> : Concentrez-vous sur les t\u00e2ches essentielles afin de ne pas vous sentir accabl\u00e9.<\/li><\/ul>\n\n\n\n<h3 class=\"has-text-color wp-block-heading\" style=\"color:#cfb8b8\"><span class=\"ez-toc-section\" id=\"8_Preparer_son_Esprit\"><\/span>8. <strong>Pr\u00e9parer son Esprit<\/strong><span class=\"ez-toc-section-end\"><\/span><\/h3>\n\n\n\n<div class=\"wp-block-image is-style-rounded\"><figure class=\"alignright size-full is-resized\"><a href=\"https:\/\/neyssa-shop.com\/fr\/133-ramadan\"><img loading=\"lazy\" decoding=\"async\" src=\"https:\/\/neyssa-shop.com\/blog\/wp-content\/uploads\/2024\/11\/1.jpg\" alt=\"ramadan 2025\" class=\"wp-image-7643\" width=\"154\" height=\"154\" srcset=\"https:\/\/neyssa-shop.com\/blog\/wp-content\/uploads\/2024\/11\/1.jpg 600w, https:\/\/neyssa-shop.com\/blog\/wp-content\/uploads\/2024\/11\/1-300x300.jpg 300w, https:\/\/neyssa-shop.com\/blog\/wp-content\/uploads\/2024\/11\/1-150x150.jpg 150w, https:\/\/neyssa-shop.com\/blog\/wp-content\/uploads\/2024\/11\/1-375x375.jpg 375w, https:\/\/neyssa-shop.com\/blog\/wp-content\/uploads\/2024\/11\/1-400x400.jpg 400w, https:\/\/neyssa-shop.com\/blog\/wp-content\/uploads\/2024\/11\/1-320x320.jpg 320w\" sizes=\"(max-width: 154px) 100vw, 154px\" \/><\/a><\/figure><\/div>\n\n\n\n<ul class=\"wp-block-list\"><li><strong>Pratiquer la patience et la gratitude<\/strong> : Pr\u00e9parez-vous mentalement en cultivant une attitude positive et reconnaissante.<\/li><li><strong>Participer \u00e0 des discussions spirituelles<\/strong> : Engagez-vous avec d&rsquo;autres personnes pour partager des r\u00e9flexions sur le Ramadan.<\/li><\/ul>\n\n\n\n<h3 class=\"wp-block-heading\"><\/h3>\n\n\n\n<p>La pr\u00e9paration au Ramadan est une <strong>p\u00e9riode pr\u00e9cieuse<\/strong> qui vous permet de renforcer votre engagement spirituel et de <strong>vous pr\u00e9parer physiquement.<\/strong> En suivant ces conseils, vous serez mieux \u00e9quip\u00e9 pour vivre ce mois sacr\u00e9 de mani\u00e8re significative et enrichissante.<\/p>\n\n\n\n<div class=\"wp-block-columns is-layout-flex wp-container-core-columns-is-layout-1 wp-block-columns-is-layout-flex\">\n<div class=\"wp-block-column is-layout-flow wp-block-column-is-layout-flow\">\n<figure class=\"wp-block-embed is-type-wp-embed is-provider-neyssa-le-blog wp-block-embed-neyssa-le-blog\"><div class=\"wp-block-embed__wrapper\">\n<blockquote class=\"wp-embedded-content\" data-secret=\"2Onhi7ivlz\"><a href=\"https:\/\/neyssa-shop.com\/blog\/invocations-special-ramadan\/\">Invocations sp\u00e9cial Ramadan<\/a><\/blockquote><iframe class=\"wp-embedded-content\" sandbox=\"allow-scripts\" security=\"restricted\" style=\"position: absolute; visibility: hidden;\" title=\"\u00ab\u00a0Invocations sp\u00e9cial Ramadan\u00a0\u00bb &#8212; Neyssa le blog\" src=\"https:\/\/neyssa-shop.com\/blog\/invocations-special-ramadan\/embed\/#?secret=DgrkHoEkbd#?secret=2Onhi7ivlz\" data-secret=\"2Onhi7ivlz\" width=\"600\" height=\"338\" frameborder=\"0\" marginwidth=\"0\" marginheight=\"0\" scrolling=\"no\"><\/iframe>\n<\/div><\/figure>\n<\/div>\n\n\n\n<div class=\"wp-block-column is-layout-flow wp-block-column-is-layout-flow\">\n<figure class=\"wp-block-embed is-type-wp-embed is-provider-neyssa-le-blog wp-block-embed-neyssa-le-blog\"><div class=\"wp-block-embed__wrapper\">\n<blockquote class=\"wp-embedded-content\" data-secret=\"VnwT6QHJvU\"><a href=\"https:\/\/neyssa-shop.com\/blog\/ramadan-mubarak\/\">Ramadan Mubarak<\/a><\/blockquote><iframe class=\"wp-embedded-content\" sandbox=\"allow-scripts\" security=\"restricted\" style=\"position: absolute; visibility: hidden;\" title=\"\u00ab\u00a0Ramadan Mubarak\u00a0\u00bb &#8212; Neyssa le blog\" src=\"https:\/\/neyssa-shop.com\/blog\/ramadan-mubarak\/embed\/#?secret=vfKInr24Mp#?secret=VnwT6QHJvU\" data-secret=\"VnwT6QHJvU\" width=\"600\" height=\"338\" frameborder=\"0\" marginwidth=\"0\" marginheight=\"0\" scrolling=\"no\"><\/iframe>\n<\/div><\/figure>\n<\/div>\n\n\n\n<div class=\"wp-block-column is-layout-flow wp-block-column-is-layout-flow\">\n<figure class=\"wp-block-embed is-type-wp-embed is-provider-neyssa-le-blog wp-block-embed-neyssa-le-blog\"><div class=\"wp-block-embed__wrapper\">\n<blockquote class=\"wp-embedded-content\" data-secret=\"Jb2QI69E7O\"><a href=\"https:\/\/neyssa-shop.com\/blog\/comment-shabiller-pendant-le-ramadan\/\">Comment s&rsquo;habiller pendant le Ramadan?<\/a><\/blockquote><iframe class=\"wp-embedded-content\" sandbox=\"allow-scripts\" security=\"restricted\" style=\"position: absolute; visibility: hidden;\" title=\"\u00ab\u00a0Comment s&rsquo;habiller pendant le Ramadan?\u00a0\u00bb &#8212; Neyssa le blog\" src=\"https:\/\/neyssa-shop.com\/blog\/comment-shabiller-pendant-le-ramadan\/embed\/#?secret=AcBBksnLxZ#?secret=Jb2QI69E7O\" data-secret=\"Jb2QI69E7O\" width=\"600\" height=\"338\" frameborder=\"0\" marginwidth=\"0\" marginheight=\"0\" scrolling=\"no\"><\/iframe>\n<\/div><\/figure>\n<\/div>\n<\/div>\n\n\n\n<p><\/p>\n","protected":false},"excerpt":{"rendered":"<p>Il ne reste plus que quelques mois avant le ramadan ! Il est chaque ann\u00e9e marqu\u00e9 par un calendrier lunaire qui change l\u00e9g\u00e8rement de l\u2019ann\u00e9e pr\u00e9c\u00e9dente. Mais alors, quand commencera le Ramadan en 2025 ? Dans cet article, nous vous donnons les premi\u00e8res estimations pour vous pr\u00e9parer \u00e0 accueillir ce mois sacr\u00e9. Quelle est la&#8230;<\/p>\n<p><a class=\"more-link\" href=\"https:\/\/neyssa-shop.com\/blog\/ramadan-2025-1446-cest-quand\/\">En <em>savoir<\/em> plus<\/a><\/p>\n","protected":false},"author":1,"featured_media":7638,"comment_status":"closed","ping_status":"closed","sticky":false,"template":"","format":"standard","meta":{"_genesis_hide_title":false,"_genesis_hide_breadcrumbs":false,"_genesis_hide_singular_image":false,"_genesis_hide_footer_widgets":false,"_genesis_custom_body_class":"","_genesis_custom_post_class":"","_genesis_layout":"","footnotes":""},"categories":[243,19],"tags":[],"class_list":{"0":"post-7619","1":"post","2":"type-post","3":"status-publish","4":"format-standard","5":"has-post-thumbnail","7":"category-actualites","8":"category-tendances","9":"entry"},"yoast_head":"<!-- This site is optimized with the Yoast SEO plugin v26.8 - https:\/\/yoast.com\/product\/yoast-seo-wordpress\/ -->\n<title>Ramadan 2025\u2013 1446 : C&#039;est quand?<\/title>\n<meta name=\"description\" content=\"Ramadan 2025 \u2013 1446 : C&#039;est quand? Vendredi 28 f\u00e9vrier 2025, la date sera plus pr\u00e9cise insha allah \u00e0 l&#039;apparition du croissant lunaire.\" \/>\n<meta name=\"robots\" content=\"index, follow, max-snippet:-1, max-image-preview:large, max-video-preview:-1\" \/>\n<link rel=\"canonical\" href=\"https:\/\/neyssa-shop.com\/blog\/ramadan-2025-1446-cest-quand\/\" \/>\n<meta property=\"og:locale\" content=\"fr_FR\" \/>\n<meta property=\"og:type\" content=\"article\" \/>\n<meta property=\"og:title\" content=\"Ramadan 2025\u2013 1446 : C&#039;est quand?\" \/>\n<meta property=\"og:description\" content=\"Ramadan 2025 \u2013 1446 : C&#039;est quand? Vendredi 28 f\u00e9vrier 2025, la date sera plus pr\u00e9cise insha allah \u00e0 l&#039;apparition du croissant lunaire.\" \/>\n<meta property=\"og:url\" content=\"https:\/\/neyssa-shop.com\/blog\/ramadan-2025-1446-cest-quand\/\" \/>\n<meta property=\"og:site_name\" content=\"Neyssa le blog\" \/>\n<meta property=\"article:publisher\" content=\"https:\/\/www.facebook.com\/neyssashop\/\" \/>\n<meta property=\"article:published_time\" content=\"2024-10-23T12:08:16+00:00\" \/>\n<meta property=\"article:modified_time\" content=\"2025-12-19T10:11:50+00:00\" \/>\n<meta property=\"og:image\" content=\"https:\/\/neyssa-shop.com\/blog\/wp-content\/uploads\/2024\/10\/Photo-mise-en-avant-blog-30.jpg\" \/>\n\t<meta property=\"og:image:width\" content=\"1080\" \/>\n\t<meta property=\"og:image:height\" content=\"1080\" \/>\n\t<meta property=\"og:image:type\" content=\"image\/jpeg\" \/>\n<meta name=\"author\" content=\"Neyssa\" \/>\n<meta name=\"twitter:card\" content=\"summary_large_image\" \/>\n<meta name=\"twitter:creator\" content=\"@neyssashop\" \/>\n<meta name=\"twitter:site\" content=\"@neyssashop\" \/>\n<meta name=\"twitter:label1\" content=\"\u00c9crit par\" \/>\n\t<meta name=\"twitter:data1\" content=\"Neyssa\" \/>\n\t<meta name=\"twitter:label2\" content=\"Dur\u00e9e de lecture estim\u00e9e\" \/>\n\t<meta name=\"twitter:data2\" content=\"9 minutes\" \/>\n<script type=\"application\/ld+json\" class=\"yoast-schema-graph\">{\"@context\":\"https:\/\/schema.org\",\"@graph\":[{\"@type\":\"Article\",\"@id\":\"https:\/\/neyssa-shop.com\/blog\/ramadan-2025-1446-cest-quand\/#article\",\"isPartOf\":{\"@id\":\"https:\/\/neyssa-shop.com\/blog\/ramadan-2025-1446-cest-quand\/\"},\"author\":{\"name\":\"Neyssa\",\"@id\":\"https:\/\/neyssa-shop.com\/blog\/#\/schema\/person\/ed32fc911e27403ddf883d4db5e194b8\"},\"headline\":\"Ramadan 2025 : C&rsquo;est quand?\",\"datePublished\":\"2024-10-23T12:08:16+00:00\",\"dateModified\":\"2025-12-19T10:11:50+00:00\",\"mainEntityOfPage\":{\"@id\":\"https:\/\/neyssa-shop.com\/blog\/ramadan-2025-1446-cest-quand\/\"},\"wordCount\":1828,\"publisher\":{\"@id\":\"https:\/\/neyssa-shop.com\/blog\/#organization\"},\"image\":{\"@id\":\"https:\/\/neyssa-shop.com\/blog\/ramadan-2025-1446-cest-quand\/#primaryimage\"},\"thumbnailUrl\":\"https:\/\/neyssa-shop.com\/blog\/wp-content\/uploads\/2024\/10\/Photo-mise-en-avant-blog-30.jpg\",\"articleSection\":[\"Actualit\u00e9s\",\"Tendances\"],\"inLanguage\":\"fr-FR\"},{\"@type\":\"WebPage\",\"@id\":\"https:\/\/neyssa-shop.com\/blog\/ramadan-2025-1446-cest-quand\/\",\"url\":\"https:\/\/neyssa-shop.com\/blog\/ramadan-2025-1446-cest-quand\/\",\"name\":\"Ramadan 2025\u2013 1446 : C'est quand?\",\"isPartOf\":{\"@id\":\"https:\/\/neyssa-shop.com\/blog\/#website\"},\"primaryImageOfPage\":{\"@id\":\"https:\/\/neyssa-shop.com\/blog\/ramadan-2025-1446-cest-quand\/#primaryimage\"},\"image\":{\"@id\":\"https:\/\/neyssa-shop.com\/blog\/ramadan-2025-1446-cest-quand\/#primaryimage\"},\"thumbnailUrl\":\"https:\/\/neyssa-shop.com\/blog\/wp-content\/uploads\/2024\/10\/Photo-mise-en-avant-blog-30.jpg\",\"datePublished\":\"2024-10-23T12:08:16+00:00\",\"dateModified\":\"2025-12-19T10:11:50+00:00\",\"description\":\"Ramadan 2025 \u2013 1446 : C'est quand? Vendredi 28 f\u00e9vrier 2025, la date sera plus pr\u00e9cise insha allah \u00e0 l'apparition du croissant lunaire.\",\"breadcrumb\":{\"@id\":\"https:\/\/neyssa-shop.com\/blog\/ramadan-2025-1446-cest-quand\/#breadcrumb\"},\"inLanguage\":\"fr-FR\",\"potentialAction\":[{\"@type\":\"ReadAction\",\"target\":[\"https:\/\/neyssa-shop.com\/blog\/ramadan-2025-1446-cest-quand\/\"]}]},{\"@type\":\"ImageObject\",\"inLanguage\":\"fr-FR\",\"@id\":\"https:\/\/neyssa-shop.com\/blog\/ramadan-2025-1446-cest-quand\/#primaryimage\",\"url\":\"https:\/\/neyssa-shop.com\/blog\/wp-content\/uploads\/2024\/10\/Photo-mise-en-avant-blog-30.jpg\",\"contentUrl\":\"https:\/\/neyssa-shop.com\/blog\/wp-content\/uploads\/2024\/10\/Photo-mise-en-avant-blog-30.jpg\",\"width\":1080,\"height\":1080,\"caption\":\"ramadan 2025\"},{\"@type\":\"BreadcrumbList\",\"@id\":\"https:\/\/neyssa-shop.com\/blog\/ramadan-2025-1446-cest-quand\/#breadcrumb\",\"itemListElement\":[{\"@type\":\"ListItem\",\"position\":1,\"name\":\"Accueil\",\"item\":\"https:\/\/neyssa-shop.com\/blog\/\"},{\"@type\":\"ListItem\",\"position\":2,\"name\":\"Actualit\u00e9s\",\"item\":\"https:\/\/neyssa-shop.com\/blog\/actualites\/\"},{\"@type\":\"ListItem\",\"position\":3,\"name\":\"Ramadan 2025 : C&rsquo;est quand?\"}]},{\"@type\":\"WebSite\",\"@id\":\"https:\/\/neyssa-shop.com\/blog\/#website\",\"url\":\"https:\/\/neyssa-shop.com\/blog\/\",\"name\":\"Neyssa le blog\",\"description\":\"Un blog d\u00e9di\u00e9 \u00e0 la femme musulmane\",\"publisher\":{\"@id\":\"https:\/\/neyssa-shop.com\/blog\/#organization\"},\"potentialAction\":[{\"@type\":\"SearchAction\",\"target\":{\"@type\":\"EntryPoint\",\"urlTemplate\":\"https:\/\/neyssa-shop.com\/blog\/?s={search_term_string}\"},\"query-input\":{\"@type\":\"PropertyValueSpecification\",\"valueRequired\":true,\"valueName\":\"search_term_string\"}}],\"inLanguage\":\"fr-FR\"},{\"@type\":\"Organization\",\"@id\":\"https:\/\/neyssa-shop.com\/blog\/#organization\",\"name\":\"Neyssa Shop\",\"url\":\"https:\/\/neyssa-shop.com\/blog\/\",\"logo\":{\"@type\":\"ImageObject\",\"inLanguage\":\"fr-FR\",\"@id\":\"https:\/\/neyssa-shop.com\/blog\/#\/schema\/logo\/image\/\",\"url\":\"https:\/\/neyssa-shop.com\/blog\/wp-content\/uploads\/2021\/03\/neyssa-boutique-logo-1610747292.jpg\",\"contentUrl\":\"https:\/\/neyssa-shop.com\/blog\/wp-content\/uploads\/2021\/03\/neyssa-boutique-logo-1610747292.jpg\",\"width\":271,\"height\":70,\"caption\":\"Neyssa Shop\"},\"image\":{\"@id\":\"https:\/\/neyssa-shop.com\/blog\/#\/schema\/logo\/image\/\"},\"sameAs\":[\"https:\/\/www.facebook.com\/neyssashop\/\",\"https:\/\/x.com\/neyssashop\",\"https:\/\/www.instagram.com\/neyssa_shop\/\",\"https:\/\/www.pinterest.fr\/neyssa_shop\/_created\/\",\"https:\/\/www.youtube.com\/channel\/UCkQ9s8jXTLi2yVzyeugVAMg\"]},{\"@type\":\"Person\",\"@id\":\"https:\/\/neyssa-shop.com\/blog\/#\/schema\/person\/ed32fc911e27403ddf883d4db5e194b8\",\"name\":\"Neyssa\",\"image\":{\"@type\":\"ImageObject\",\"inLanguage\":\"fr-FR\",\"@id\":\"https:\/\/neyssa-shop.com\/blog\/#\/schema\/person\/image\/\",\"url\":\"https:\/\/secure.gravatar.com\/avatar\/7fd33479617d5e1ad0f1e0accf5f6a74?s=96&d=mm&r=g\",\"contentUrl\":\"https:\/\/secure.gravatar.com\/avatar\/7fd33479617d5e1ad0f1e0accf5f6a74?s=96&d=mm&r=g\",\"caption\":\"Neyssa\"},\"url\":\"https:\/\/neyssa-shop.com\/blog\/author\/nysrinemsn-com\/\"}]}<\/script>\n<!-- \/ Yoast SEO plugin. -->","yoast_head_json":{"title":"Ramadan 2025\u2013 1446 : C'est quand?","description":"Ramadan 2025 \u2013 1446 : C'est quand? Vendredi 28 f\u00e9vrier 2025, la date sera plus pr\u00e9cise insha allah \u00e0 l'apparition du croissant lunaire.","robots":{"index":"index","follow":"follow","max-snippet":"max-snippet:-1","max-image-preview":"max-image-preview:large","max-video-preview":"max-video-preview:-1"},"canonical":"https:\/\/neyssa-shop.com\/blog\/ramadan-2025-1446-cest-quand\/","og_locale":"fr_FR","og_type":"article","og_title":"Ramadan 2025\u2013 1446 : C'est quand?","og_description":"Ramadan 2025 \u2013 1446 : C'est quand? Vendredi 28 f\u00e9vrier 2025, la date sera plus pr\u00e9cise insha allah \u00e0 l'apparition du croissant lunaire.","og_url":"https:\/\/neyssa-shop.com\/blog\/ramadan-2025-1446-cest-quand\/","og_site_name":"Neyssa le blog","article_publisher":"https:\/\/www.facebook.com\/neyssashop\/","article_published_time":"2024-10-23T12:08:16+00:00","article_modified_time":"2025-12-19T10:11:50+00:00","og_image":[{"width":1080,"height":1080,"url":"https:\/\/neyssa-shop.com\/blog\/wp-content\/uploads\/2024\/10\/Photo-mise-en-avant-blog-30.jpg","type":"image\/jpeg"}],"author":"Neyssa","twitter_card":"summary_large_image","twitter_creator":"@neyssashop","twitter_site":"@neyssashop","twitter_misc":{"\u00c9crit par":"Neyssa","Dur\u00e9e de lecture estim\u00e9e":"9 minutes"},"schema":{"@context":"https:\/\/schema.org","@graph":[{"@type":"Article","@id":"https:\/\/neyssa-shop.com\/blog\/ramadan-2025-1446-cest-quand\/#article","isPartOf":{"@id":"https:\/\/neyssa-shop.com\/blog\/ramadan-2025-1446-cest-quand\/"},"author":{"name":"Neyssa","@id":"https:\/\/neyssa-shop.com\/blog\/#\/schema\/person\/ed32fc911e27403ddf883d4db5e194b8"},"headline":"Ramadan 2025 : C&rsquo;est quand?","datePublished":"2024-10-23T12:08:16+00:00","dateModified":"2025-12-19T10:11:50+00:00","mainEntityOfPage":{"@id":"https:\/\/neyssa-shop.com\/blog\/ramadan-2025-1446-cest-quand\/"},"wordCount":1828,"publisher":{"@id":"https:\/\/neyssa-shop.com\/blog\/#organization"},"image":{"@id":"https:\/\/neyssa-shop.com\/blog\/ramadan-2025-1446-cest-quand\/#primaryimage"},"thumbnailUrl":"https:\/\/neyssa-shop.com\/blog\/wp-content\/uploads\/2024\/10\/Photo-mise-en-avant-blog-30.jpg","articleSection":["Actualit\u00e9s","Tendances"],"inLanguage":"fr-FR"},{"@type":"WebPage","@id":"https:\/\/neyssa-shop.com\/blog\/ramadan-2025-1446-cest-quand\/","url":"https:\/\/neyssa-shop.com\/blog\/ramadan-2025-1446-cest-quand\/","name":"Ramadan 2025\u2013 1446 : C'est quand?","isPartOf":{"@id":"https:\/\/neyssa-shop.com\/blog\/#website"},"primaryImageOfPage":{"@id":"https:\/\/neyssa-shop.com\/blog\/ramadan-2025-1446-cest-quand\/#primaryimage"},"image":{"@id":"https:\/\/neyssa-shop.com\/blog\/ramadan-2025-1446-cest-quand\/#primaryimage"},"thumbnailUrl":"https:\/\/neyssa-shop.com\/blog\/wp-content\/uploads\/2024\/10\/Photo-mise-en-avant-blog-30.jpg","datePublished":"2024-10-23T12:08:16+00:00","dateModified":"2025-12-19T10:11:50+00:00","description":"Ramadan 2025 \u2013 1446 : C'est quand? Vendredi 28 f\u00e9vrier 2025, la date sera plus pr\u00e9cise insha allah \u00e0 l'apparition du croissant lunaire.","breadcrumb":{"@id":"https:\/\/neyssa-shop.com\/blog\/ramadan-2025-1446-cest-quand\/#breadcrumb"},"inLanguage":"fr-FR","potentialAction":[{"@type":"ReadAction","target":["https:\/\/neyssa-shop.com\/blog\/ramadan-2025-1446-cest-quand\/"]}]},{"@type":"ImageObject","inLanguage":"fr-FR","@id":"https:\/\/neyssa-shop.com\/blog\/ramadan-2025-1446-cest-quand\/#primaryimage","url":"https:\/\/neyssa-shop.com\/blog\/wp-content\/uploads\/2024\/10\/Photo-mise-en-avant-blog-30.jpg","contentUrl":"https:\/\/neyssa-shop.com\/blog\/wp-content\/uploads\/2024\/10\/Photo-mise-en-avant-blog-30.jpg","width":1080,"height":1080,"caption":"ramadan 2025"},{"@type":"BreadcrumbList","@id":"https:\/\/neyssa-shop.com\/blog\/ramadan-2025-1446-cest-quand\/#breadcrumb","itemListElement":[{"@type":"ListItem","position":1,"name":"Accueil","item":"https:\/\/neyssa-shop.com\/blog\/"},{"@type":"ListItem","position":2,"name":"Actualit\u00e9s","item":"https:\/\/neyssa-shop.com\/blog\/actualites\/"},{"@type":"ListItem","position":3,"name":"Ramadan 2025 : C&rsquo;est quand?"}]},{"@type":"WebSite","@id":"https:\/\/neyssa-shop.com\/blog\/#website","url":"https:\/\/neyssa-shop.com\/blog\/","name":"Neyssa le blog","description":"Un blog d\u00e9di\u00e9 \u00e0 la femme musulmane","publisher":{"@id":"https:\/\/neyssa-shop.com\/blog\/#organization"},"potentialAction":[{"@type":"SearchAction","target":{"@type":"EntryPoint","urlTemplate":"https:\/\/neyssa-shop.com\/blog\/?s={search_term_string}"},"query-input":{"@type":"PropertyValueSpecification","valueRequired":true,"valueName":"search_term_string"}}],"inLanguage":"fr-FR"},{"@type":"Organization","@id":"https:\/\/neyssa-shop.com\/blog\/#organization","name":"Neyssa Shop","url":"https:\/\/neyssa-shop.com\/blog\/","logo":{"@type":"ImageObject","inLanguage":"fr-FR","@id":"https:\/\/neyssa-shop.com\/blog\/#\/schema\/logo\/image\/","url":"https:\/\/neyssa-shop.com\/blog\/wp-content\/uploads\/2021\/03\/neyssa-boutique-logo-1610747292.jpg","contentUrl":"https:\/\/neyssa-shop.com\/blog\/wp-content\/uploads\/2021\/03\/neyssa-boutique-logo-1610747292.jpg","width":271,"height":70,"caption":"Neyssa Shop"},"image":{"@id":"https:\/\/neyssa-shop.com\/blog\/#\/schema\/logo\/image\/"},"sameAs":["https:\/\/www.facebook.com\/neyssashop\/","https:\/\/x.com\/neyssashop","https:\/\/www.instagram.com\/neyssa_shop\/","https:\/\/www.pinterest.fr\/neyssa_shop\/_created\/","https:\/\/www.youtube.com\/channel\/UCkQ9s8jXTLi2yVzyeugVAMg"]},{"@type":"Person","@id":"https:\/\/neyssa-shop.com\/blog\/#\/schema\/person\/ed32fc911e27403ddf883d4db5e194b8","name":"Neyssa","image":{"@type":"ImageObject","inLanguage":"fr-FR","@id":"https:\/\/neyssa-shop.com\/blog\/#\/schema\/person\/image\/","url":"https:\/\/secure.gravatar.com\/avatar\/7fd33479617d5e1ad0f1e0accf5f6a74?s=96&d=mm&r=g","contentUrl":"https:\/\/secure.gravatar.com\/avatar\/7fd33479617d5e1ad0f1e0accf5f6a74?s=96&d=mm&r=g","caption":"Neyssa"},"url":"https:\/\/neyssa-shop.com\/blog\/author\/nysrinemsn-com\/"}]}},"_links":{"self":[{"href":"https:\/\/neyssa-shop.com\/blog\/wp-json\/wp\/v2\/posts\/7619","targetHints":{"allow":["GET"]}}],"collection":[{"href":"https:\/\/neyssa-shop.com\/blog\/wp-json\/wp\/v2\/posts"}],"about":[{"href":"https:\/\/neyssa-shop.com\/blog\/wp-json\/wp\/v2\/types\/post"}],"author":[{"embeddable":true,"href":"https:\/\/neyssa-shop.com\/blog\/wp-json\/wp\/v2\/users\/1"}],"replies":[{"embeddable":true,"href":"https:\/\/neyssa-shop.com\/blog\/wp-json\/wp\/v2\/comments?post=7619"}],"version-history":[{"count":29,"href":"https:\/\/neyssa-shop.com\/blog\/wp-json\/wp\/v2\/posts\/7619\/revisions"}],"predecessor-version":[{"id":7746,"href":"https:\/\/neyssa-shop.com\/blog\/wp-json\/wp\/v2\/posts\/7619\/revisions\/7746"}],"wp:featuredmedia":[{"embeddable":true,"href":"https:\/\/neyssa-shop.com\/blog\/wp-json\/wp\/v2\/media\/7638"}],"wp:attachment":[{"href":"https:\/\/neyssa-shop.com\/blog\/wp-json\/wp\/v2\/media?parent=7619"}],"wp:term":[{"taxonomy":"category","embeddable":true,"href":"https:\/\/neyssa-shop.com\/blog\/wp-json\/wp\/v2\/categories?post=7619"},{"taxonomy":"post_tag","embeddable":true,"href":"https:\/\/neyssa-shop.com\/blog\/wp-json\/wp\/v2\/tags?post=7619"}],"curies":[{"name":"wp","href":"https:\/\/api.w.org\/{rel}","templated":true}]}}