{"id":3346,"date":"2021-08-05T00:05:46","date_gmt":"2021-08-04T22:05:46","guid":{"rendered":"https:\/\/blog.neyssa-shop.com\/?p=3346"},"modified":"2021-11-30T13:07:23","modified_gmt":"2021-11-30T12:07:23","slug":"nouvelle-annee-1443-du-calendrier-musulman","status":"publish","type":"post","link":"https:\/\/neyssa-shop.com\/blog\/nouvelle-annee-1443-du-calendrier-musulman\/","title":{"rendered":"Nouvelle ann\u00e9e 1443 du calendrier musulman"},"content":{"rendered":"\n<p style=\"font-size:17px\">Le nouvel an musulman \u00e9galement appel\u00e9 Raas Assana, marque le d\u00e9but de l\u2019h\u00e9gire. C\u2019est-\u00e0-dire le moment o\u00f9 le proph\u00e8te Mohammed (SWS) et ses compagnons \u00e9migrent de la Mecque vers M\u00e9dine. L\u2019h\u00e9gire d\u00e9bute en 622 du calendrier solaire ou calendrier gr\u00e9gorien.&nbsp;&nbsp;<\/p>\n\n\n\n<div class=\"wp-block-image\"><figure class=\"aligncenter size-large\"><img fetchpriority=\"high\" decoding=\"async\" width=\"1024\" height=\"367\" src=\"https:\/\/blog.neyssa-shop.com\/wp-content\/uploads\/2021\/08\/SLIDER_bonne-annee-1443jpg-1024x367.jpg\" alt=\"Bonne ann\u00e9e 1443 \u00e0 tous les musulmans\" class=\"wp-image-3349\" title=\"Bonne ann\u00e9e 1443 \u00e0 tous les musulmans\" srcset=\"https:\/\/neyssa-shop.com\/blog\/wp-content\/uploads\/2021\/08\/SLIDER_bonne-annee-1443jpg-1024x367.jpg 1024w, https:\/\/neyssa-shop.com\/blog\/wp-content\/uploads\/2021\/08\/SLIDER_bonne-annee-1443jpg-300x108.jpg 300w, https:\/\/neyssa-shop.com\/blog\/wp-content\/uploads\/2021\/08\/SLIDER_bonne-annee-1443jpg-768x276.jpg 768w, https:\/\/neyssa-shop.com\/blog\/wp-content\/uploads\/2021\/08\/SLIDER_bonne-annee-1443jpg-1536x551.jpg 1536w, https:\/\/neyssa-shop.com\/blog\/wp-content\/uploads\/2021\/08\/SLIDER_bonne-annee-1443jpg-750x269.jpg 750w, https:\/\/neyssa-shop.com\/blog\/wp-content\/uploads\/2021\/08\/SLIDER_bonne-annee-1443jpg.jpg 1920w\" sizes=\"(max-width: 1024px) 100vw, 1024px\" \/><\/figure><\/div>\n\n\n\n<div style=\"height:48px\" aria-hidden=\"true\" class=\"wp-block-spacer\"><\/div>\n\n\n\n<div id=\"ez-toc-container\" class=\"ez-toc-v2_0_72 counter-hierarchy ez-toc-counter ez-toc-grey ez-toc-container-direction\">\n<label for=\"ez-toc-cssicon-toggle-item-69f7721fd7e8b\" class=\"ez-toc-cssicon-toggle-label\"><span class=\"\"><span class=\"eztoc-hide\" style=\"display:none;\">Toggle<\/span><span class=\"ez-toc-icon-toggle-span\"><svg style=\"fill: #999;color:#999\" xmlns=\"http:\/\/www.w3.org\/2000\/svg\" class=\"list-377408\" width=\"20px\" height=\"20px\" viewBox=\"0 0 24 24\" fill=\"none\"><path d=\"M6 6H4v2h2V6zm14 0H8v2h12V6zM4 11h2v2H4v-2zm16 0H8v2h12v-2zM4 16h2v2H4v-2zm16 0H8v2h12v-2z\" fill=\"currentColor\"><\/path><\/svg><svg style=\"fill: #999;color:#999\" class=\"arrow-unsorted-368013\" xmlns=\"http:\/\/www.w3.org\/2000\/svg\" width=\"10px\" height=\"10px\" viewBox=\"0 0 24 24\" version=\"1.2\" baseProfile=\"tiny\"><path d=\"M18.2 9.3l-6.2-6.3-6.2 6.3c-.2.2-.3.4-.3.7s.1.5.3.7c.2.2.4.3.7.3h11c.3 0 .5-.1.7-.3.2-.2.3-.5.3-.7s-.1-.5-.3-.7zM5.8 14.7l6.2 6.3 6.2-6.3c.2-.2.3-.5.3-.7s-.1-.5-.3-.7c-.2-.2-.4-.3-.7-.3h-11c-.3 0-.5.1-.7.3-.2.2-.3.5-.3.7s.1.5.3.7z\"\/><\/svg><\/span><\/span><\/label><input type=\"checkbox\"  id=\"ez-toc-cssicon-toggle-item-69f7721fd7e8b\"  aria-label=\"Toggle\" \/><nav><ul class='ez-toc-list ez-toc-list-level-1 ' ><li class='ez-toc-page-1 ez-toc-heading-level-2'><a class=\"ez-toc-link ez-toc-heading-1\" href=\"https:\/\/neyssa-shop.com\/blog\/nouvelle-annee-1443-du-calendrier-musulman\/#Islam_%E2%80%93_Quest_ce_que_lhegire\" title=\"Islam &#8211; Qu\u2019est ce que l\u2019h\u00e9gire ?\">Islam &#8211; Qu\u2019est ce que l\u2019h\u00e9gire ?<\/a><\/li><li class='ez-toc-page-1 ez-toc-heading-level-2'><a class=\"ez-toc-link ez-toc-heading-2\" href=\"https:\/\/neyssa-shop.com\/blog\/nouvelle-annee-1443-du-calendrier-musulman\/#Comment_est_compose_le_calendrier_musulman\" title=\"Comment est compos\u00e9 le calendrier musulman ?&nbsp;\">Comment est compos\u00e9 le calendrier musulman ?&nbsp;<\/a><\/li><li class='ez-toc-page-1 ez-toc-heading-level-2'><a class=\"ez-toc-link ez-toc-heading-3\" href=\"https:\/\/neyssa-shop.com\/blog\/nouvelle-annee-1443-du-calendrier-musulman\/#Comment_est_determinee_le_premier_jour_de_lan_du_calendrier_musulman\" title=\"Comment est d\u00e9termin\u00e9e le premier jour de l\u2019an du calendrier musulman ?&nbsp;\">Comment est d\u00e9termin\u00e9e le premier jour de l\u2019an du calendrier musulman ?&nbsp;<\/a><\/li><li class='ez-toc-page-1 ez-toc-heading-level-2'><a class=\"ez-toc-link ez-toc-heading-4\" href=\"https:\/\/neyssa-shop.com\/blog\/nouvelle-annee-1443-du-calendrier-musulman\/#Quelle_est_la_date_du_nouvel_an_musulman\" title=\"Quelle est la date du nouvel an musulman ?&nbsp;\">Quelle est la date du nouvel an musulman ?&nbsp;<\/a><\/li><li class='ez-toc-page-1 ez-toc-heading-level-2'><a class=\"ez-toc-link ez-toc-heading-5\" href=\"https:\/\/neyssa-shop.com\/blog\/nouvelle-annee-1443-du-calendrier-musulman\/#Est-ce_que_les_musulmans_fetent_le_Nouvel_An\" title=\"Est-ce que les musulmans f\u00eatent le Nouvel An ?\">Est-ce que les musulmans f\u00eatent le Nouvel An ?<\/a><\/li><li class='ez-toc-page-1 ez-toc-heading-level-2'><a class=\"ez-toc-link ez-toc-heading-6\" href=\"https:\/\/neyssa-shop.com\/blog\/nouvelle-annee-1443-du-calendrier-musulman\/#Quels_sont_les_dates_cles_de_ce_nouvel_an_1443_de_lhegire\" title=\"Quels sont les dates cl\u00e9s de ce nouvel an 1443 de l\u2019h\u00e9gire ?\">Quels sont les dates cl\u00e9s de ce nouvel an 1443 de l\u2019h\u00e9gire ?<\/a><\/li><\/ul><\/nav><\/div>\n<h2 class=\"wp-block-heading\"><span class=\"ez-toc-section\" id=\"Islam_%E2%80%93_Quest_ce_que_lhegire\"><\/span>Islam &#8211; Qu\u2019est ce que l\u2019h\u00e9gire ?<span class=\"ez-toc-section-end\"><\/span><\/h2>\n\n\n\n<p class=\"has-drop-cap\" style=\"font-size:17px\">L\u2019h\u00e9gire en islam signifie immigration et cet \u00e9v\u00e9nement correspond au d\u00e9but d\u2019un temps nouveau, c\u2019est l\u2019origine d\u2019une nouvelle \u00e8re. Le calendrier musulman d\u00e9bute lorsque le proph\u00e8te Mohammed quitte sa ville natale, la Mecque, avec ses compagnons, pour se r\u00e9fugier \u00e0 m\u00e9dine, ce sera le lieux de rassemblement de ses forces. Pendant ce voyage, le Proph\u00e8te Mohammed (SWS) avait pour objectif de rassembler et regrouper un maximum de personnes et cr\u00e9er ainsi une communaut\u00e9 musulmane, appel\u00e9 \u201cla Oumma\u201d. Ainsi, la communaut\u00e9 fond\u00e9e par le proph\u00e8te (SWS) est bas\u00e9e principalement sur la solidarit\u00e9, aider son prochain ainsi que les plus d\u00e9munis. Voil\u00e0 ce qui marque l\u2019origine du calendrier h\u00e9girien et le d\u00e9but d\u2019une nouvelle \u00e8re.<\/p>\n\n\n\n<div style=\"height:48px\" aria-hidden=\"true\" class=\"wp-block-spacer\"><\/div>\n\n\n\n<h2 class=\"wp-block-heading\"><span class=\"ez-toc-section\" id=\"Comment_est_compose_le_calendrier_musulman\"><\/span>Comment est compos\u00e9 le calendrier musulman ?&nbsp;<span class=\"ez-toc-section-end\"><\/span><\/h2>\n\n\n\n<p class=\"has-drop-cap\" style=\"font-size:17px\">Contrairement au calendrier gr\u00e9gorien, le calendrier musulman ne se compte pas en ann\u00e9e solaire, mais \u00e0 partir du cycle de la lune. Le calendrier h\u00e9girien ou calendrier islamique est un calendrier lunaire synodique non solaire, fond\u00e9 sur une ann\u00e9e de 12 mois lunaire de 29 \u00e0 30 jours chacun. Une ann\u00e9e h\u00e9girienne est moins longue qu\u2019une ann\u00e9e solaire \/ gr\u00e9gorienne, en effet, le calendrier musulman s\u2019\u00e9tend sur 354 ou 355 jours.&nbsp;<\/p>\n\n\n\n<div style=\"height:48px\" aria-hidden=\"true\" class=\"wp-block-spacer\"><\/div>\n\n\n\n<h2 class=\"wp-block-heading\"><span class=\"ez-toc-section\" id=\"Comment_est_determinee_le_premier_jour_de_lan_du_calendrier_musulman\"><\/span>Comment est d\u00e9termin\u00e9e le premier jour de l\u2019an du calendrier musulman ?&nbsp;<span class=\"ez-toc-section-end\"><\/span><\/h2>\n\n\n\n<p class=\"has-drop-cap\" style=\"font-size:17px\">La nouvelle ann\u00e9e 1443 du calendrier musulman est d\u00e9termin\u00e9 par l\u2019observation \u00e0 l\u2019\u0153il nu de la lune qui signale le d\u00e9but du mois, et non par le calcul astronomique, bien que ce calcul nous permet d\u2019avoir une pr\u00e9vision. <\/p>\n\n\n\n<p style=\"font-size:17px\">Lorsque les musulmans observent le premier croissant de lune apr\u00e8s la nouvelle lune, cela indique le d\u00e9but du premier jour du mois suivant. Ainsi \u00e0 chaque 29\u00e8me jour du mois de Dhu l&rsquo;hijja, les musulmans observent la lune pour d\u00e9terminer si le mois comptent 29 ou 30 jours.<\/p>\n\n\n\n<p style=\"font-size:17px\"> En fonction de l\u2019apparition de la dur\u00e9e du mois, le lendemain marque le d\u00e9but de la nouvelle ann\u00e9e. Le premier mois de l\u2019ann\u00e9e du calendrier musulman est le mois de Muharram.<\/p>\n\n\n\n<div style=\"height:48px\" aria-hidden=\"true\" class=\"wp-block-spacer\"><\/div>\n\n\n\n<h2 class=\"wp-block-heading\"><span class=\"ez-toc-section\" id=\"Quelle_est_la_date_du_nouvel_an_musulman\"><\/span>Quelle est la date du nouvel an musulman ?&nbsp;<span class=\"ez-toc-section-end\"><\/span><\/h2>\n\n\n\n<div class=\"wp-block-media-text alignwide is-stacked-on-mobile\" style=\"grid-template-columns:37% auto\"><figure class=\"wp-block-media-text__media\"><img decoding=\"async\" width=\"1024\" height=\"1024\" src=\"https:\/\/blog.neyssa-shop.com\/wp-content\/uploads\/2021\/08\/SL_072121_44500_22-1024x1024.jpg\" alt=\"nouvel an muhharam\" class=\"wp-image-3359 size-full\" srcset=\"https:\/\/neyssa-shop.com\/blog\/wp-content\/uploads\/2021\/08\/SL_072121_44500_22-1024x1024.jpg 1024w, https:\/\/neyssa-shop.com\/blog\/wp-content\/uploads\/2021\/08\/SL_072121_44500_22-300x300.jpg 300w, https:\/\/neyssa-shop.com\/blog\/wp-content\/uploads\/2021\/08\/SL_072121_44500_22-150x150.jpg 150w, https:\/\/neyssa-shop.com\/blog\/wp-content\/uploads\/2021\/08\/SL_072121_44500_22-768x768.jpg 768w, https:\/\/neyssa-shop.com\/blog\/wp-content\/uploads\/2021\/08\/SL_072121_44500_22-1536x1536.jpg 1536w, https:\/\/neyssa-shop.com\/blog\/wp-content\/uploads\/2021\/08\/SL_072121_44500_22-2048x2048.jpg 2048w, https:\/\/neyssa-shop.com\/blog\/wp-content\/uploads\/2021\/08\/SL_072121_44500_22-750x750.jpg 750w, https:\/\/neyssa-shop.com\/blog\/wp-content\/uploads\/2021\/08\/SL_072121_44500_22-375x375.jpg 375w, https:\/\/neyssa-shop.com\/blog\/wp-content\/uploads\/2021\/08\/SL_072121_44500_22-400x400.jpg 400w, https:\/\/neyssa-shop.com\/blog\/wp-content\/uploads\/2021\/08\/SL_072121_44500_22-320x320.jpg 320w\" sizes=\"(max-width: 1024px) 100vw, 1024px\" \/><\/figure><div class=\"wp-block-media-text__content\">\n<p class=\"has-drop-cap\" style=\"font-size:17px\">Le Raas Assana , aussi appel\u00e9 nouvel an h\u00e9girien, est annonc\u00e9 pour la date du 10 ao\u00fbt 2021. <\/p>\n\n\n\n<p style=\"font-size:17px\">Cette ann\u00e9e, d&rsquo;apr\u00e8s les calculs astronomiques, le premier jour du mois de Muharram est pr\u00e9vu pour la date du 10 ao\u00fbt 2021 en France par la grande mosqu\u00e9e de Paris et sera confirm\u00e9 la veille apr\u00e8s l\u2019observation de la nouvelle lune.<\/p>\n<\/div><\/div>\n\n\n\n<div style=\"height:48px\" aria-hidden=\"true\" class=\"wp-block-spacer\"><\/div>\n\n\n\n<h2 class=\"wp-block-heading\"><span class=\"ez-toc-section\" id=\"Est-ce_que_les_musulmans_fetent_le_Nouvel_An\"><\/span>Est-ce que les musulmans f\u00eatent le Nouvel An ?<span class=\"ez-toc-section-end\"><\/span><\/h2>\n\n\n\n<div class=\"wp-block-media-text alignwide has-media-on-the-right is-stacked-on-mobile\" style=\"grid-template-columns:auto 47%\"><figure class=\"wp-block-media-text__media\"><img decoding=\"async\" width=\"1024\" height=\"683\" src=\"https:\/\/blog.neyssa-shop.com\/wp-content\/uploads\/2021\/08\/islamic-new-year-decoration-with-quran-and-lantern-min-1024x683.jpg\" alt=\"nouvel an h\u00e9girien 1443\" class=\"wp-image-3382 size-full\" srcset=\"https:\/\/neyssa-shop.com\/blog\/wp-content\/uploads\/2021\/08\/islamic-new-year-decoration-with-quran-and-lantern-min-1024x683.jpg 1024w, https:\/\/neyssa-shop.com\/blog\/wp-content\/uploads\/2021\/08\/islamic-new-year-decoration-with-quran-and-lantern-min-300x200.jpg 300w, https:\/\/neyssa-shop.com\/blog\/wp-content\/uploads\/2021\/08\/islamic-new-year-decoration-with-quran-and-lantern-min-768x512.jpg 768w, https:\/\/neyssa-shop.com\/blog\/wp-content\/uploads\/2021\/08\/islamic-new-year-decoration-with-quran-and-lantern-min-1536x1024.jpg 1536w, https:\/\/neyssa-shop.com\/blog\/wp-content\/uploads\/2021\/08\/islamic-new-year-decoration-with-quran-and-lantern-min-2048x1365.jpg 2048w, https:\/\/neyssa-shop.com\/blog\/wp-content\/uploads\/2021\/08\/islamic-new-year-decoration-with-quran-and-lantern-min-750x500.jpg 750w\" sizes=\"(max-width: 1024px) 100vw, 1024px\" \/><\/figure><div class=\"wp-block-media-text__content\">\n<p class=\"has-drop-cap\" style=\"font-size:17px\">Le nouvel an h\u00e9girien\u00a0 d\u00e9bute l<strong>e premier jour du mois de Muharram<\/strong>. Comme pour le nouvel an gr\u00e9gorien, le nouvel an musulman est un jour de f\u00eate. Le nouvel an h\u00e9girien est donc un jour f\u00e9ri\u00e9, de ce fait, personne ne travaille ce jour, et les \u00e9coles sont ferm\u00e9es dans les pays musulmans.\u00a0<\/p>\n\n\n\n<p style=\"font-size:17px\">G\u00e9n\u00e9ralement, les musulmans c\u00e9l\u00e8brent ce nouveau jour de l\u2019an en partageant un repas en famille ou avec des amis. A l\u2019honneur de ce nouvel an musulman, les tables sont bien garnie, p\u00e2tisseries traditionnelle, caf\u00e9, th\u00e9, repas traditionnels. Comme pour les autres f\u00eates du calendrier musulman, les familles et amis se rendent visite pour se souhaiter une bonne ann\u00e9e mutuellement.<\/p>\n<\/div><\/div>\n\n\n\n<div style=\"height:48px\" aria-hidden=\"true\" class=\"wp-block-spacer\"><\/div>\n\n\n\n<h2 class=\"wp-block-heading\"><span class=\"ez-toc-section\" id=\"Quels_sont_les_dates_cles_de_ce_nouvel_an_1443_de_lhegire\"><\/span>Quels sont les dates cl\u00e9s de ce nouvel an 1443 de l\u2019h\u00e9gire ?<span class=\"ez-toc-section-end\"><\/span><\/h2>\n\n\n\n<p class=\"has-drop-cap\" style=\"font-size:17px\">Comme expliqu\u00e9 pr\u00e9c\u00e9demment, le calendrier musulmans est bas\u00e9 sur le cycle de la lune. Le d\u00e9but de chaque mois est d\u00e9fini par l\u2019apparition de la nouvelle lune. Comme chaque ann\u00e9e le calendrier comporte plusieurs mois sacr\u00e9s. Durant ces mois, plusieurs dates cl\u00e9 \u00e0 retenir pour cette nouvelle ann\u00e9e 1443. (petit rappel, les dates peuvent varier d\u2019un jour suivant le cycle de la lune) :<\/p>\n\n\n\n<ul class=\"wp-block-list\" style=\"font-size:17px\"><li>10 Ao\u00fbt 2021: <strong>1er jour du mois de Muharram<\/strong>&nbsp;<\/li><li>19 Ao\u00fbt 2021 : <strong>Achoura<\/strong> (le 10\u00e8me jour du mois de muharram):&nbsp; il est recommand\u00e9 de je\u00fbner ce jour<\/li><li>19 octobre 2021: <strong>Mawlid Annabawi <\/strong>:c\u2019est le <strong>12 du mois Rabia <\/strong>al Awal,&nbsp; c\u2019est la&nbsp; F\u00eate du Mawlid c\u2019est \u00e0 dire de la naissance du Prohete Mohammed (SWS)<\/li><li>1 Mars 2022 : <strong>Al-Isra wa Al-Miraj : <\/strong>Le voyage et l&rsquo;ascension nocturnes du Proph\u00e8te Muhammad ( c\u2019est le 27 au 28 Raj\u00e2b)<\/li><li>3 Avril 2022 : <strong>D\u00e9but du je\u00fbne du mois de Ramad\u00e2n<\/strong><\/li><li>23 Avril 2022 : <strong>Nuit du destin<\/strong><\/li><li>3 Mai 2022 : <strong>1 er jour de Chawal<\/strong>, fin du je\u00fbne du mois de ramadan, c\u2019est <strong>la f\u00eate de l&rsquo;A\u00efd el fitr<\/strong>.&nbsp;<\/li><li>9 Juillet 2022 : <strong>Jour de Arafa <\/strong>\u00e0 lieu lors du<strong> <\/strong>9\u00e8me jour de Dhou-al-hijja<\/li><li>10 Juillet 2022 : <strong>Aid adha ou Aid El kebir 2022<\/strong><\/li><\/ul>\n\n\n\n<p class=\"has-text-align-center\" style=\"font-size:25px\"><strong><span style=\"color:#cc7799\" class=\"has-inline-color\">L\u2019\u00e9quipe Neyssa vous souhaite \u00e0 tous et \u00e0 toutes, une excellente ann\u00e9e 1443 !<\/span><\/strong><\/p>\n\n\n\n<div style=\"height:59px\" aria-hidden=\"true\" class=\"wp-block-spacer\"><\/div>\n\n\n\n<blockquote class=\"wp-block-quote has-text-align-center is-style-large is-layout-flow wp-block-quote-is-layout-flow\"><p>D\u00e9couvrez aussi d\u2019autres articles de blog au sujet de l\u2019A\u00efd<\/p><\/blockquote>\n\n\n\n<div class=\"wp-block-columns is-layout-flex wp-container-core-columns-is-layout-1 wp-block-columns-is-layout-flex\">\n<div class=\"wp-block-column is-layout-flow wp-block-column-is-layout-flow\">\n<figure class=\"wp-block-embed is-type-wp-embed is-provider-neyssa-le-blog wp-block-embed-neyssa-le-blog\"><div class=\"wp-block-embed__wrapper\">\nhttps:\/\/neyssa-shop.com\/blog\/guide-comment-trouvez-la-abaya-noire-qui-vous-conviendra-le-mieux\/\n<\/div><\/figure>\n<\/div>\n\n\n\n<div class=\"wp-block-column is-layout-flow wp-block-column-is-layout-flow\">\n<figure class=\"wp-block-embed is-type-wp-embed is-provider-neyssa-le-blog wp-block-embed-neyssa-le-blog\"><div class=\"wp-block-embed__wrapper\">\n<blockquote class=\"wp-embedded-content\" data-secret=\"EBghldtHvd\"><a href=\"https:\/\/neyssa-shop.com\/blog\/conversion-a-lislam-religion-de-paix\/\">Ma conversion \u00e0 l&rsquo;islam religion de paix<\/a><\/blockquote><iframe class=\"wp-embedded-content\" sandbox=\"allow-scripts\" security=\"restricted\" style=\"position: absolute; clip: rect(1px, 1px, 1px, 1px);\" title=\"\u00ab\u00a0Ma conversion \u00e0 l&rsquo;islam religion de paix\u00a0\u00bb &#8212; Neyssa le blog\" src=\"https:\/\/neyssa-shop.com\/blog\/conversion-a-lislam-religion-de-paix\/embed\/#?secret=EBghldtHvd\" data-secret=\"EBghldtHvd\" width=\"600\" height=\"338\" frameborder=\"0\" marginwidth=\"0\" marginheight=\"0\" scrolling=\"no\"><\/iframe>\n<\/div><\/figure>\n<\/div>\n<\/div>\n","protected":false},"excerpt":{"rendered":"<p>Le nouvel an musulman \u00e9galement appel\u00e9 Raas Assana, marque le d\u00e9but de l\u2019h\u00e9gire. C\u2019est-\u00e0-dire le moment o\u00f9 le proph\u00e8te Mohammed (SWS) et ses compagnons \u00e9migrent de la Mecque vers M\u00e9dine. L\u2019h\u00e9gire d\u00e9bute en 622 du calendrier solaire ou calendrier gr\u00e9gorien.&nbsp;&nbsp; Islam &#8211; Qu\u2019est ce que l\u2019h\u00e9gire ? L\u2019h\u00e9gire en islam signifie immigration et cet \u00e9v\u00e9nement&#8230;<\/p>\n<p><a class=\"more-link\" href=\"https:\/\/neyssa-shop.com\/blog\/nouvelle-annee-1443-du-calendrier-musulman\/\">En <em>savoir<\/em> plus<\/a><\/p>\n","protected":false},"author":7,"featured_media":3354,"comment_status":"closed","ping_status":"open","sticky":false,"template":"","format":"standard","meta":{"_genesis_hide_title":false,"_genesis_hide_breadcrumbs":false,"_genesis_hide_singular_image":false,"_genesis_hide_footer_widgets":false,"_genesis_custom_body_class":"","_genesis_custom_post_class":"","_genesis_layout":"","footnotes":""},"categories":[243],"tags":[],"class_list":{"0":"post-3346","1":"post","2":"type-post","3":"status-publish","4":"format-standard","5":"has-post-thumbnail","7":"category-actualites","8":"entry"},"yoast_head":"<!-- This site is optimized with the Yoast SEO plugin v26.8 - https:\/\/yoast.com\/product\/yoast-seo-wordpress\/ -->\n<title>Nouvelle ann\u00e9e 1443 du calendrier musulman<\/title>\n<meta name=\"description\" content=\"Nouvelle ann\u00e9e 1443 du calendrier musulman. Neyssa vous dit tout au sujet du nouvel an h\u00e9girien qui rythme la vie de milliards de musulmans\" \/>\n<meta name=\"robots\" content=\"index, follow, max-snippet:-1, max-image-preview:large, max-video-preview:-1\" \/>\n<link rel=\"canonical\" href=\"https:\/\/neyssa-shop.com\/blog\/nouvelle-annee-1443-du-calendrier-musulman\/\" \/>\n<meta property=\"og:locale\" content=\"fr_FR\" \/>\n<meta property=\"og:type\" content=\"article\" \/>\n<meta property=\"og:title\" content=\"Nouvelle ann\u00e9e 1443 du calendrier musulman\" \/>\n<meta property=\"og:description\" content=\"Nouvelle ann\u00e9e 1443 du calendrier musulman. Neyssa vous dit tout au sujet du nouvel an h\u00e9girien qui rythme la vie de milliards de musulmans\" \/>\n<meta property=\"og:url\" content=\"https:\/\/neyssa-shop.com\/blog\/nouvelle-annee-1443-du-calendrier-musulman\/\" \/>\n<meta property=\"og:site_name\" content=\"Neyssa le blog\" \/>\n<meta property=\"article:publisher\" content=\"https:\/\/www.facebook.com\/neyssashop\/\" \/>\n<meta property=\"article:published_time\" content=\"2021-08-04T22:05:46+00:00\" \/>\n<meta property=\"article:modified_time\" content=\"2021-11-30T12:07:23+00:00\" \/>\n<meta property=\"og:image\" content=\"https:\/\/neyssa-shop.com\/blog\/wp-content\/uploads\/2021\/08\/push_bonne-annee-1443jpg.jpg\" \/>\n\t<meta property=\"og:image:width\" content=\"1000\" \/>\n\t<meta property=\"og:image:height\" content=\"1000\" \/>\n\t<meta property=\"og:image:type\" content=\"image\/jpeg\" \/>\n<meta name=\"author\" content=\"fatima\" \/>\n<meta name=\"twitter:card\" content=\"summary_large_image\" \/>\n<meta name=\"twitter:creator\" content=\"@neyssashop\" \/>\n<meta name=\"twitter:site\" content=\"@neyssashop\" \/>\n<meta name=\"twitter:label1\" content=\"\u00c9crit par\" \/>\n\t<meta name=\"twitter:data1\" content=\"fatima\" \/>\n\t<meta name=\"twitter:label2\" content=\"Dur\u00e9e de lecture estim\u00e9e\" \/>\n\t<meta name=\"twitter:data2\" content=\"5 minutes\" \/>\n<script type=\"application\/ld+json\" class=\"yoast-schema-graph\">{\"@context\":\"https:\/\/schema.org\",\"@graph\":[{\"@type\":\"Article\",\"@id\":\"https:\/\/neyssa-shop.com\/blog\/nouvelle-annee-1443-du-calendrier-musulman\/#article\",\"isPartOf\":{\"@id\":\"https:\/\/neyssa-shop.com\/blog\/nouvelle-annee-1443-du-calendrier-musulman\/\"},\"author\":{\"name\":\"fatima\",\"@id\":\"https:\/\/neyssa-shop.com\/blog\/#\/schema\/person\/106b156f169dafa37e5dc58694052b09\"},\"headline\":\"Nouvelle ann\u00e9e 1443 du calendrier musulman\",\"datePublished\":\"2021-08-04T22:05:46+00:00\",\"dateModified\":\"2021-11-30T12:07:23+00:00\",\"mainEntityOfPage\":{\"@id\":\"https:\/\/neyssa-shop.com\/blog\/nouvelle-annee-1443-du-calendrier-musulman\/\"},\"wordCount\":888,\"publisher\":{\"@id\":\"https:\/\/neyssa-shop.com\/blog\/#organization\"},\"image\":{\"@id\":\"https:\/\/neyssa-shop.com\/blog\/nouvelle-annee-1443-du-calendrier-musulman\/#primaryimage\"},\"thumbnailUrl\":\"https:\/\/neyssa-shop.com\/blog\/wp-content\/uploads\/2021\/08\/push_bonne-annee-1443jpg.jpg\",\"articleSection\":[\"Actualit\u00e9s\"],\"inLanguage\":\"fr-FR\"},{\"@type\":\"WebPage\",\"@id\":\"https:\/\/neyssa-shop.com\/blog\/nouvelle-annee-1443-du-calendrier-musulman\/\",\"url\":\"https:\/\/neyssa-shop.com\/blog\/nouvelle-annee-1443-du-calendrier-musulman\/\",\"name\":\"Nouvelle ann\u00e9e 1443 du calendrier musulman\",\"isPartOf\":{\"@id\":\"https:\/\/neyssa-shop.com\/blog\/#website\"},\"primaryImageOfPage\":{\"@id\":\"https:\/\/neyssa-shop.com\/blog\/nouvelle-annee-1443-du-calendrier-musulman\/#primaryimage\"},\"image\":{\"@id\":\"https:\/\/neyssa-shop.com\/blog\/nouvelle-annee-1443-du-calendrier-musulman\/#primaryimage\"},\"thumbnailUrl\":\"https:\/\/neyssa-shop.com\/blog\/wp-content\/uploads\/2021\/08\/push_bonne-annee-1443jpg.jpg\",\"datePublished\":\"2021-08-04T22:05:46+00:00\",\"dateModified\":\"2021-11-30T12:07:23+00:00\",\"description\":\"Nouvelle ann\u00e9e 1443 du calendrier musulman. Neyssa vous dit tout au sujet du nouvel an h\u00e9girien qui rythme la vie de milliards de musulmans\",\"breadcrumb\":{\"@id\":\"https:\/\/neyssa-shop.com\/blog\/nouvelle-annee-1443-du-calendrier-musulman\/#breadcrumb\"},\"inLanguage\":\"fr-FR\",\"potentialAction\":[{\"@type\":\"ReadAction\",\"target\":[\"https:\/\/neyssa-shop.com\/blog\/nouvelle-annee-1443-du-calendrier-musulman\/\"]}]},{\"@type\":\"ImageObject\",\"inLanguage\":\"fr-FR\",\"@id\":\"https:\/\/neyssa-shop.com\/blog\/nouvelle-annee-1443-du-calendrier-musulman\/#primaryimage\",\"url\":\"https:\/\/neyssa-shop.com\/blog\/wp-content\/uploads\/2021\/08\/push_bonne-annee-1443jpg.jpg\",\"contentUrl\":\"https:\/\/neyssa-shop.com\/blog\/wp-content\/uploads\/2021\/08\/push_bonne-annee-1443jpg.jpg\",\"width\":1000,\"height\":1000,\"caption\":\"Bonne ann\u00e9e 1443 \u00e0 tous les musulmans\"},{\"@type\":\"BreadcrumbList\",\"@id\":\"https:\/\/neyssa-shop.com\/blog\/nouvelle-annee-1443-du-calendrier-musulman\/#breadcrumb\",\"itemListElement\":[{\"@type\":\"ListItem\",\"position\":1,\"name\":\"Accueil\",\"item\":\"https:\/\/neyssa-shop.com\/blog\/\"},{\"@type\":\"ListItem\",\"position\":2,\"name\":\"Actualit\u00e9s\",\"item\":\"https:\/\/neyssa-shop.com\/blog\/actualites\/\"},{\"@type\":\"ListItem\",\"position\":3,\"name\":\"Nouvelle ann\u00e9e 1443 du calendrier musulman\"}]},{\"@type\":\"WebSite\",\"@id\":\"https:\/\/neyssa-shop.com\/blog\/#website\",\"url\":\"https:\/\/neyssa-shop.com\/blog\/\",\"name\":\"Neyssa le blog\",\"description\":\"Un blog d\u00e9di\u00e9 \u00e0 la femme musulmane\",\"publisher\":{\"@id\":\"https:\/\/neyssa-shop.com\/blog\/#organization\"},\"potentialAction\":[{\"@type\":\"SearchAction\",\"target\":{\"@type\":\"EntryPoint\",\"urlTemplate\":\"https:\/\/neyssa-shop.com\/blog\/?s={search_term_string}\"},\"query-input\":{\"@type\":\"PropertyValueSpecification\",\"valueRequired\":true,\"valueName\":\"search_term_string\"}}],\"inLanguage\":\"fr-FR\"},{\"@type\":\"Organization\",\"@id\":\"https:\/\/neyssa-shop.com\/blog\/#organization\",\"name\":\"Neyssa Shop\",\"url\":\"https:\/\/neyssa-shop.com\/blog\/\",\"logo\":{\"@type\":\"ImageObject\",\"inLanguage\":\"fr-FR\",\"@id\":\"https:\/\/neyssa-shop.com\/blog\/#\/schema\/logo\/image\/\",\"url\":\"https:\/\/neyssa-shop.com\/blog\/wp-content\/uploads\/2021\/03\/neyssa-boutique-logo-1610747292.jpg\",\"contentUrl\":\"https:\/\/neyssa-shop.com\/blog\/wp-content\/uploads\/2021\/03\/neyssa-boutique-logo-1610747292.jpg\",\"width\":271,\"height\":70,\"caption\":\"Neyssa Shop\"},\"image\":{\"@id\":\"https:\/\/neyssa-shop.com\/blog\/#\/schema\/logo\/image\/\"},\"sameAs\":[\"https:\/\/www.facebook.com\/neyssashop\/\",\"https:\/\/x.com\/neyssashop\",\"https:\/\/www.instagram.com\/neyssa_shop\/\",\"https:\/\/www.pinterest.fr\/neyssa_shop\/_created\/\",\"https:\/\/www.youtube.com\/channel\/UCkQ9s8jXTLi2yVzyeugVAMg\"]},{\"@type\":\"Person\",\"@id\":\"https:\/\/neyssa-shop.com\/blog\/#\/schema\/person\/106b156f169dafa37e5dc58694052b09\",\"name\":\"fatima\",\"image\":{\"@type\":\"ImageObject\",\"inLanguage\":\"fr-FR\",\"@id\":\"https:\/\/neyssa-shop.com\/blog\/#\/schema\/person\/image\/\",\"url\":\"https:\/\/secure.gravatar.com\/avatar\/b6e92eeca9ee537c62b049c12439948f?s=96&d=mm&r=g\",\"contentUrl\":\"https:\/\/secure.gravatar.com\/avatar\/b6e92eeca9ee537c62b049c12439948f?s=96&d=mm&r=g\",\"caption\":\"fatima\"},\"url\":\"https:\/\/neyssa-shop.com\/blog\/author\/fatima\/\"}]}<\/script>\n<!-- \/ Yoast SEO plugin. -->","yoast_head_json":{"title":"Nouvelle ann\u00e9e 1443 du calendrier musulman","description":"Nouvelle ann\u00e9e 1443 du calendrier musulman. Neyssa vous dit tout au sujet du nouvel an h\u00e9girien qui rythme la vie de milliards de musulmans","robots":{"index":"index","follow":"follow","max-snippet":"max-snippet:-1","max-image-preview":"max-image-preview:large","max-video-preview":"max-video-preview:-1"},"canonical":"https:\/\/neyssa-shop.com\/blog\/nouvelle-annee-1443-du-calendrier-musulman\/","og_locale":"fr_FR","og_type":"article","og_title":"Nouvelle ann\u00e9e 1443 du calendrier musulman","og_description":"Nouvelle ann\u00e9e 1443 du calendrier musulman. Neyssa vous dit tout au sujet du nouvel an h\u00e9girien qui rythme la vie de milliards de musulmans","og_url":"https:\/\/neyssa-shop.com\/blog\/nouvelle-annee-1443-du-calendrier-musulman\/","og_site_name":"Neyssa le blog","article_publisher":"https:\/\/www.facebook.com\/neyssashop\/","article_published_time":"2021-08-04T22:05:46+00:00","article_modified_time":"2021-11-30T12:07:23+00:00","og_image":[{"width":1000,"height":1000,"url":"https:\/\/neyssa-shop.com\/blog\/wp-content\/uploads\/2021\/08\/push_bonne-annee-1443jpg.jpg","type":"image\/jpeg"}],"author":"fatima","twitter_card":"summary_large_image","twitter_creator":"@neyssashop","twitter_site":"@neyssashop","twitter_misc":{"\u00c9crit par":"fatima","Dur\u00e9e de lecture estim\u00e9e":"5 minutes"},"schema":{"@context":"https:\/\/schema.org","@graph":[{"@type":"Article","@id":"https:\/\/neyssa-shop.com\/blog\/nouvelle-annee-1443-du-calendrier-musulman\/#article","isPartOf":{"@id":"https:\/\/neyssa-shop.com\/blog\/nouvelle-annee-1443-du-calendrier-musulman\/"},"author":{"name":"fatima","@id":"https:\/\/neyssa-shop.com\/blog\/#\/schema\/person\/106b156f169dafa37e5dc58694052b09"},"headline":"Nouvelle ann\u00e9e 1443 du calendrier musulman","datePublished":"2021-08-04T22:05:46+00:00","dateModified":"2021-11-30T12:07:23+00:00","mainEntityOfPage":{"@id":"https:\/\/neyssa-shop.com\/blog\/nouvelle-annee-1443-du-calendrier-musulman\/"},"wordCount":888,"publisher":{"@id":"https:\/\/neyssa-shop.com\/blog\/#organization"},"image":{"@id":"https:\/\/neyssa-shop.com\/blog\/nouvelle-annee-1443-du-calendrier-musulman\/#primaryimage"},"thumbnailUrl":"https:\/\/neyssa-shop.com\/blog\/wp-content\/uploads\/2021\/08\/push_bonne-annee-1443jpg.jpg","articleSection":["Actualit\u00e9s"],"inLanguage":"fr-FR"},{"@type":"WebPage","@id":"https:\/\/neyssa-shop.com\/blog\/nouvelle-annee-1443-du-calendrier-musulman\/","url":"https:\/\/neyssa-shop.com\/blog\/nouvelle-annee-1443-du-calendrier-musulman\/","name":"Nouvelle ann\u00e9e 1443 du calendrier musulman","isPartOf":{"@id":"https:\/\/neyssa-shop.com\/blog\/#website"},"primaryImageOfPage":{"@id":"https:\/\/neyssa-shop.com\/blog\/nouvelle-annee-1443-du-calendrier-musulman\/#primaryimage"},"image":{"@id":"https:\/\/neyssa-shop.com\/blog\/nouvelle-annee-1443-du-calendrier-musulman\/#primaryimage"},"thumbnailUrl":"https:\/\/neyssa-shop.com\/blog\/wp-content\/uploads\/2021\/08\/push_bonne-annee-1443jpg.jpg","datePublished":"2021-08-04T22:05:46+00:00","dateModified":"2021-11-30T12:07:23+00:00","description":"Nouvelle ann\u00e9e 1443 du calendrier musulman. Neyssa vous dit tout au sujet du nouvel an h\u00e9girien qui rythme la vie de milliards de musulmans","breadcrumb":{"@id":"https:\/\/neyssa-shop.com\/blog\/nouvelle-annee-1443-du-calendrier-musulman\/#breadcrumb"},"inLanguage":"fr-FR","potentialAction":[{"@type":"ReadAction","target":["https:\/\/neyssa-shop.com\/blog\/nouvelle-annee-1443-du-calendrier-musulman\/"]}]},{"@type":"ImageObject","inLanguage":"fr-FR","@id":"https:\/\/neyssa-shop.com\/blog\/nouvelle-annee-1443-du-calendrier-musulman\/#primaryimage","url":"https:\/\/neyssa-shop.com\/blog\/wp-content\/uploads\/2021\/08\/push_bonne-annee-1443jpg.jpg","contentUrl":"https:\/\/neyssa-shop.com\/blog\/wp-content\/uploads\/2021\/08\/push_bonne-annee-1443jpg.jpg","width":1000,"height":1000,"caption":"Bonne ann\u00e9e 1443 \u00e0 tous les musulmans"},{"@type":"BreadcrumbList","@id":"https:\/\/neyssa-shop.com\/blog\/nouvelle-annee-1443-du-calendrier-musulman\/#breadcrumb","itemListElement":[{"@type":"ListItem","position":1,"name":"Accueil","item":"https:\/\/neyssa-shop.com\/blog\/"},{"@type":"ListItem","position":2,"name":"Actualit\u00e9s","item":"https:\/\/neyssa-shop.com\/blog\/actualites\/"},{"@type":"ListItem","position":3,"name":"Nouvelle ann\u00e9e 1443 du calendrier musulman"}]},{"@type":"WebSite","@id":"https:\/\/neyssa-shop.com\/blog\/#website","url":"https:\/\/neyssa-shop.com\/blog\/","name":"Neyssa le blog","description":"Un blog d\u00e9di\u00e9 \u00e0 la femme musulmane","publisher":{"@id":"https:\/\/neyssa-shop.com\/blog\/#organization"},"potentialAction":[{"@type":"SearchAction","target":{"@type":"EntryPoint","urlTemplate":"https:\/\/neyssa-shop.com\/blog\/?s={search_term_string}"},"query-input":{"@type":"PropertyValueSpecification","valueRequired":true,"valueName":"search_term_string"}}],"inLanguage":"fr-FR"},{"@type":"Organization","@id":"https:\/\/neyssa-shop.com\/blog\/#organization","name":"Neyssa Shop","url":"https:\/\/neyssa-shop.com\/blog\/","logo":{"@type":"ImageObject","inLanguage":"fr-FR","@id":"https:\/\/neyssa-shop.com\/blog\/#\/schema\/logo\/image\/","url":"https:\/\/neyssa-shop.com\/blog\/wp-content\/uploads\/2021\/03\/neyssa-boutique-logo-1610747292.jpg","contentUrl":"https:\/\/neyssa-shop.com\/blog\/wp-content\/uploads\/2021\/03\/neyssa-boutique-logo-1610747292.jpg","width":271,"height":70,"caption":"Neyssa Shop"},"image":{"@id":"https:\/\/neyssa-shop.com\/blog\/#\/schema\/logo\/image\/"},"sameAs":["https:\/\/www.facebook.com\/neyssashop\/","https:\/\/x.com\/neyssashop","https:\/\/www.instagram.com\/neyssa_shop\/","https:\/\/www.pinterest.fr\/neyssa_shop\/_created\/","https:\/\/www.youtube.com\/channel\/UCkQ9s8jXTLi2yVzyeugVAMg"]},{"@type":"Person","@id":"https:\/\/neyssa-shop.com\/blog\/#\/schema\/person\/106b156f169dafa37e5dc58694052b09","name":"fatima","image":{"@type":"ImageObject","inLanguage":"fr-FR","@id":"https:\/\/neyssa-shop.com\/blog\/#\/schema\/person\/image\/","url":"https:\/\/secure.gravatar.com\/avatar\/b6e92eeca9ee537c62b049c12439948f?s=96&d=mm&r=g","contentUrl":"https:\/\/secure.gravatar.com\/avatar\/b6e92eeca9ee537c62b049c12439948f?s=96&d=mm&r=g","caption":"fatima"},"url":"https:\/\/neyssa-shop.com\/blog\/author\/fatima\/"}]}},"_links":{"self":[{"href":"https:\/\/neyssa-shop.com\/blog\/wp-json\/wp\/v2\/posts\/3346","targetHints":{"allow":["GET"]}}],"collection":[{"href":"https:\/\/neyssa-shop.com\/blog\/wp-json\/wp\/v2\/posts"}],"about":[{"href":"https:\/\/neyssa-shop.com\/blog\/wp-json\/wp\/v2\/types\/post"}],"author":[{"embeddable":true,"href":"https:\/\/neyssa-shop.com\/blog\/wp-json\/wp\/v2\/users\/7"}],"replies":[{"embeddable":true,"href":"https:\/\/neyssa-shop.com\/blog\/wp-json\/wp\/v2\/comments?post=3346"}],"version-history":[{"count":36,"href":"https:\/\/neyssa-shop.com\/blog\/wp-json\/wp\/v2\/posts\/3346\/revisions"}],"predecessor-version":[{"id":3912,"href":"https:\/\/neyssa-shop.com\/blog\/wp-json\/wp\/v2\/posts\/3346\/revisions\/3912"}],"wp:featuredmedia":[{"embeddable":true,"href":"https:\/\/neyssa-shop.com\/blog\/wp-json\/wp\/v2\/media\/3354"}],"wp:attachment":[{"href":"https:\/\/neyssa-shop.com\/blog\/wp-json\/wp\/v2\/media?parent=3346"}],"wp:term":[{"taxonomy":"category","embeddable":true,"href":"https:\/\/neyssa-shop.com\/blog\/wp-json\/wp\/v2\/categories?post=3346"},{"taxonomy":"post_tag","embeddable":true,"href":"https:\/\/neyssa-shop.com\/blog\/wp-json\/wp\/v2\/tags?post=3346"}],"curies":[{"name":"wp","href":"https:\/\/api.w.org\/{rel}","templated":true}]}}